{"id":58979,"date":"2009-10-04T18:50:32","date_gmt":"2009-10-04T16:50:32","guid":{"rendered":"https:\/\/www.claret.org\/nuevo-sacerdote-y-diacono\/"},"modified":"2009-10-04T18:50:32","modified_gmt":"2009-10-04T16:50:32","slug":"nuevo-sacerdote-y-diacono","status":"publish","type":"post","link":"https:\/\/www.claret.org\/es\/nuevo-sacerdote-y-diacono\/","title":{"rendered":"Nuevo sacerdote y di\u00e1cono"},"content":{"rendered":"<p><strong>Espa\u00f1a<\/strong>. El domingo 27 de septiembre, en la Parroquia de Ntra. Sra. del Carmen (M\u00e1laga), fueron ordenados por Mons. Javier Travieso, cmf, \u00c1lvaro Rodr\u00edguez Jover (presb\u00edtero) y F\u00e9lix Obaga (di\u00e1cono). El primero pertenece a la Provincia claretiana de B\u00e9tica y el segundo a la Delegaci\u00f3n de Guinea Ecuatorial. Estuvieron acompa\u00f1ados de un nutrido n\u00famero de claretianos -entre los que se encontraban los PP. Inocencio Moiche y Marcelo Ensema, de Guinea-, as\u00ed como familiares, amigos y miembros de la Familia Claretiana. Todos disfrutamos de una alegre celebraci\u00f3n. Se da la circunstancia de que esta es la primera ordenaci\u00f3n que realiza Mons. Travieso despu\u00e9s de ser consagrado Obispo Auxiliar de Trujillo (Per\u00fa) el pasado 25 de Marzo.<\/p>\n","protected":false},"excerpt":{"rendered":"<p>Espa\u00f1a. El domingo 27 de septiembre, en la Parroquia de Ntra. Sra. del Carmen (M\u00e1laga), fueron ordenados por Mons. Javier Travieso, cmf, \u00c1lvaro Rodr\u00edguez Jover (presb\u00edtero) y F\u00e9lix Obaga (di\u00e1cono). El primero pertenece a la Provincia claretiana de B\u00e9tica y el segundo a la Delegaci\u00f3n de Guinea Ecuatorial. Estuvieron acompa\u00f1ados de un nutrido n\u00famero de [&hellip;]<\/p>\n","protected":false},"author":1,"featured_media":0,"comment_status":"closed","ping_status":"closed","sticky":false,"template":"","format":"standard","meta":{"_et_pb_use_builder":"","_et_pb_old_content":"","_et_gb_content_width":"","footnotes":""},"categories":[553],"tags":[],"class_list":["post-58979","post","type-post","status-publish","format-standard","hentry","category-hermanos"],"jetpack_featured_media_url":"","jetpack_sharing_enabled":true,"jetpack_shortlink":"https:\/\/wp.me\/pdaBmi-flh","jetpack_likes_enabled":true,"_links":{"self":[{"href":"https:\/\/www.claret.org\/es\/wp-json\/wp\/v2\/posts\/58979","targetHints":{"allow":["GET"]}}],"collection":[{"href":"https:\/\/www.claret.org\/es\/wp-json\/wp\/v2\/posts"}],"about":[{"href":"https:\/\/www.claret.org\/es\/wp-json\/wp\/v2\/types\/post"}],"author":[{"embeddable":true,"href":"https:\/\/www.claret.org\/es\/wp-json\/wp\/v2\/users\/1"}],"replies":[{"embeddable":true,"href":"https:\/\/www.claret.org\/es\/wp-json\/wp\/v2\/comments?post=58979"}],"version-history":[{"count":0,"href":"https:\/\/www.claret.org\/es\/wp-json\/wp\/v2\/posts\/58979\/revisions"}],"wp:attachment":[{"href":"https:\/\/www.claret.org\/es\/wp-json\/wp\/v2\/media?parent=58979"}],"wp:term":[{"taxonomy":"category","embeddable":true,"href":"https:\/\/www.claret.org\/es\/wp-json\/wp\/v2\/categories?post=58979"},{"taxonomy":"post_tag","embeddable":true,"href":"https:\/\/www.claret.org\/es\/wp-json\/wp\/v2\/tags?post=58979"}],"curies":[{"name":"wp","href":"https:\/\/api.w.org\/{rel}","templated":true}]}}