{"id":59006,"date":"2009-09-14T19:15:43","date_gmt":"2009-09-14T17:15:43","guid":{"rendered":"https:\/\/www.claret.org\/seis-jovenes-comienzan-su-ano-de-noviciado\/"},"modified":"2009-09-14T19:15:43","modified_gmt":"2009-09-14T17:15:43","slug":"seis-jovenes-comienzan-su-ano-de-noviciado","status":"publish","type":"post","link":"https:\/\/www.claret.org\/es\/seis-jovenes-comienzan-su-ano-de-noviciado\/","title":{"rendered":"Seis j\u00f3venes comienzan su a\u00f1o de noviciado"},"content":{"rendered":"<p><strong>Espa\u00f1a<\/strong>. El d\u00eda 8 de septiembre, Natividad de la Virgen, comenz\u00f3 un nuevo Noviciado en la ciudad de Granada. Lo forman un grupo de seis j\u00f3venes de las Provincias de B\u00e9tica (3), Euskal Herr\u00eda (1), Santiago (1) y de la Delegaci\u00f3n de East Asia (1). El Maestro de Novicios es el P. Jos\u00e9 M\u00aa Bol\u00edvar, ayudado<\/p>\n<p>por el P. Ricardo Volo (Coadjutor). Tambi\u00e9n hizo sus primeros votos Gabriel Ponce, tras haber realizado su Noviciado can\u00f3nico en Guatemala y su segundo a\u00f1o de Noviciado en Granada, cursando los estudios teol\u00f3gicos. Presidi\u00f3 la celebraci\u00f3n el P. Provincial de B\u00e9tica, acompa\u00f1ado de un buen grupo de Misioneros Claretianos (entre los que encontraban miembros de los Gobiernos Provinciales de los Organismos de los novicios), familiares, amigos, religiosos y religiosas.<\/p>\n<p>Oremos para que el Coraz\u00f3n de Mar\u00eda los acompa\u00f1e a todos ellos en su camino formativo para que lleguen a ser \u00abHombres que arden en caridad\u00bb.<\/p>\n","protected":false},"excerpt":{"rendered":"<p>Espa\u00f1a. El d\u00eda 8 de septiembre, Natividad de la Virgen, comenz\u00f3 un nuevo Noviciado en la ciudad de Granada. Lo forman un grupo de seis j\u00f3venes de las Provincias de B\u00e9tica (3), Euskal Herr\u00eda (1), Santiago (1) y de la Delegaci\u00f3n de East Asia (1). El Maestro de Novicios es el P. Jos\u00e9 M\u00aa Bol\u00edvar, [&hellip;]<\/p>\n","protected":false},"author":1,"featured_media":0,"comment_status":"closed","ping_status":"closed","sticky":false,"template":"","format":"standard","meta":{"_et_pb_use_builder":"","_et_pb_old_content":"","_et_gb_content_width":"","footnotes":""},"categories":[553,533],"tags":[],"class_list":["post-59006","post","type-post","status-publish","format-standard","hentry","category-hermanos","category-la-congregacion"],"jetpack_featured_media_url":"","jetpack_sharing_enabled":true,"jetpack_shortlink":"https:\/\/wp.me\/pdaBmi-flI","jetpack_likes_enabled":true,"_links":{"self":[{"href":"https:\/\/www.claret.org\/es\/wp-json\/wp\/v2\/posts\/59006","targetHints":{"allow":["GET"]}}],"collection":[{"href":"https:\/\/www.claret.org\/es\/wp-json\/wp\/v2\/posts"}],"about":[{"href":"https:\/\/www.claret.org\/es\/wp-json\/wp\/v2\/types\/post"}],"author":[{"embeddable":true,"href":"https:\/\/www.claret.org\/es\/wp-json\/wp\/v2\/users\/1"}],"replies":[{"embeddable":true,"href":"https:\/\/www.claret.org\/es\/wp-json\/wp\/v2\/comments?post=59006"}],"version-history":[{"count":0,"href":"https:\/\/www.claret.org\/es\/wp-json\/wp\/v2\/posts\/59006\/revisions"}],"wp:attachment":[{"href":"https:\/\/www.claret.org\/es\/wp-json\/wp\/v2\/media?parent=59006"}],"wp:term":[{"taxonomy":"category","embeddable":true,"href":"https:\/\/www.claret.org\/es\/wp-json\/wp\/v2\/categories?post=59006"},{"taxonomy":"post_tag","embeddable":true,"href":"https:\/\/www.claret.org\/es\/wp-json\/wp\/v2\/tags?post=59006"}],"curies":[{"name":"wp","href":"https:\/\/api.w.org\/{rel}","templated":true}]}}