{"id":59252,"date":"2009-08-04T09:37:28","date_gmt":"2009-08-04T07:37:28","guid":{"rendered":"https:\/\/www.claret.org\/reeditada-la-obra-%cb%9cesta-es-nuestra-sangre\/"},"modified":"2009-08-04T09:37:28","modified_gmt":"2009-08-04T07:37:28","slug":"reeditada-la-obra-%cb%9cesta-es-nuestra-sangre","status":"publish","type":"post","link":"https:\/\/www.claret.org\/es\/reeditada-la-obra-%cb%9cesta-es-nuestra-sangre\/","title":{"rendered":"Reeditada la obra \u02dcEsta es nuestra sangre\u00bb"},"content":{"rendered":"<p><b>Espa\u00f1a<\/b>. Tomamos del peri\u00f3dico Alto Arag\u00f3n (11-marzo-2008) una informaci\u00f3n firmada por \u00c1ngel Huget que ofrecemos a nuestros visitantes.<br \/>\n<i><\/i><\/p>\n<p><i>Publicaciones Claretianas<\/i>, de Madrid, ha sacado a la luz la tercera edici\u00f3n de la obra \u201c\u00c9sta es nuestra sangre. Seminario claretiano m\u00e1rtir. Barbastro, 1936\u201d del autor Gabriel Campo Villegas, que incorpor\u00f3 nuevos testimonios y termin\u00f3 las las correcciones del libro d\u00edas antes de su muerte, en septiembre de 2007. Las dos ediciones anteriores est\u00e1n agotadas, ya que ha sido la obra con m\u00e1s \u00e9xito en la trayectoria literaria del misionero barbastrense.<\/p>\n<p>En esta obra, refleja los acontecimientos reales en torno a los M\u00e1rtires Claretianos beatificados por Juan Pablo II (1992) contados por testigos fieles que los vieron y los oyeron. \u201cSi a alguien le parecen excesivos, no es m\u00eda la culpa, sino de los acontecimientos\u201d, seg\u00fan constata el autor.<\/p>\n<p>El pr\u00f3logo es obra de Fernando Sebasti\u00e1n, arzobispo em\u00e9rito de Pamplona, quien aconseja \u201cla lectura sosegada de este libro\u201d cuya aportaci\u00f3n califica de \u201cplato fuerte al men\u00fa excesivamente melifluo del catolicismo espa\u00f1ol contempor\u00e1neo. Al decir esto no me mueve ning\u00fan sentimiento de cr\u00edtica ni de descalificaci\u00f3n de nada ni de nadie\u201d, a\u00f1ade.<\/p>\n<p>Opina que el libro est\u00e1 escrito \u201ccon una evidente intenci\u00f3n de veracidad y sobriedad que lo hace casi lac\u00f3nico\u201d y tambi\u00e9n que los lectores \u201cse ver\u00e1n interpelados por los hechos, conmovidos por la entereza de los m\u00e1rtires, por la luminosidad de los testimonios y por la grandeza sobrenatural de los testigos\u201d.<\/p>\n<p>Gabriel Campo manifiesta en la reflexi\u00f3n previa: \u201clos testimonios sobre los misioneros claretianos m\u00e1rtires de Barbastro son impresionantes\u201d, abruma \u201cla documentaci\u00f3n de primer\u00edsima mano, los testigos presenciales, las declaraciones bajo juramento de hombres y mujeres que vieron y oyeron sus palabras, el repetido perd\u00f3n a sus enemigos, a sus verdugos, su calvario lento, inexorable\u201d.<\/p>\n<p>El autor se basa en testimonios de testigos de un lado y de otro, \u201ccat\u00f3licos y anarquistas, seres humanos que recuerdan aquellos d\u00edas de julio y agosto de 1936 como una pesadilla de horror y de fe\u201d, tras hablar con ellos, residentes (entonces) en Barbastro, Zaragoza, Barcelona, Par\u00eds, Montauban, Yugoslavia y M\u00e9xico.<\/p>\n<p>La obra incluye documentaci\u00f3n e historias complementarias para completar la de \u201ctreinta seminaristas mayores, de 22 a 24 a\u00f1os, demasiado j\u00f3venes para presentir -tan cercano- el aliento helado de la muerte, que llegaron a la estaci\u00f3n de ferrocarril de Barbastro, su \u00faltimo destino\u201d. Sus restos est\u00e1n expuestos en el Museo de los M\u00e1rtires Claretianos de Barbastro, inaugurado el 13 de agosto de 1993, por el que pasaron 4.000 personas durante 2007.<\/p>\n","protected":false},"excerpt":{"rendered":"<p>Espa\u00f1a. Tomamos del peri\u00f3dico Alto Arag\u00f3n (11-marzo-2008) una informaci\u00f3n firmada por \u00c1ngel Huget que ofrecemos a nuestros visitantes. Publicaciones Claretianas, de Madrid, ha sacado a la luz la tercera edici\u00f3n de la obra \u201c\u00c9sta es nuestra sangre. Seminario claretiano m\u00e1rtir. Barbastro, 1936\u201d del autor Gabriel Campo Villegas, que incorpor\u00f3 nuevos testimonios y termin\u00f3 las las [&hellip;]<\/p>\n","protected":false},"author":1,"featured_media":0,"comment_status":"closed","ping_status":"closed","sticky":false,"template":"","format":"standard","meta":{"_et_pb_use_builder":"","_et_pb_old_content":"","_et_gb_content_width":"","footnotes":""},"categories":[256,473],"tags":[],"class_list":["post-59252","post","type-post","status-publish","format-standard","hentry","category-claret-publishing-group-es","category-martires-de-barbastro"],"jetpack_featured_media_url":"","jetpack_sharing_enabled":true,"jetpack_shortlink":"https:\/\/wp.me\/pdaBmi-fpG","jetpack_likes_enabled":true,"_links":{"self":[{"href":"https:\/\/www.claret.org\/es\/wp-json\/wp\/v2\/posts\/59252","targetHints":{"allow":["GET"]}}],"collection":[{"href":"https:\/\/www.claret.org\/es\/wp-json\/wp\/v2\/posts"}],"about":[{"href":"https:\/\/www.claret.org\/es\/wp-json\/wp\/v2\/types\/post"}],"author":[{"embeddable":true,"href":"https:\/\/www.claret.org\/es\/wp-json\/wp\/v2\/users\/1"}],"replies":[{"embeddable":true,"href":"https:\/\/www.claret.org\/es\/wp-json\/wp\/v2\/comments?post=59252"}],"version-history":[{"count":0,"href":"https:\/\/www.claret.org\/es\/wp-json\/wp\/v2\/posts\/59252\/revisions"}],"wp:attachment":[{"href":"https:\/\/www.claret.org\/es\/wp-json\/wp\/v2\/media?parent=59252"}],"wp:term":[{"taxonomy":"category","embeddable":true,"href":"https:\/\/www.claret.org\/es\/wp-json\/wp\/v2\/categories?post=59252"},{"taxonomy":"post_tag","embeddable":true,"href":"https:\/\/www.claret.org\/es\/wp-json\/wp\/v2\/tags?post=59252"}],"curies":[{"name":"wp","href":"https:\/\/api.w.org\/{rel}","templated":true}]}}