{"id":59298,"date":"2009-07-25T09:49:02","date_gmt":"2009-07-25T07:49:02","guid":{"rendered":"https:\/\/www.claret.org\/servir-a-la-verdad-pedir-perdon\/"},"modified":"2009-07-25T09:49:02","modified_gmt":"2009-07-25T07:49:02","slug":"servir-a-la-verdad-pedir-perdon","status":"publish","type":"post","link":"https:\/\/www.claret.org\/es\/servir-a-la-verdad-pedir-perdon\/","title":{"rendered":"Servir a la verdad, pedir perd\u00f3n"},"content":{"rendered":"<p><strong>Obispos vascos piden perd\u00f3n por el silencio de la Iglesia ante la muerte de religiosos durante la Guerra<\/strong> <strong>Civil de 1936<br \/>\n<\/strong><strong>Espa\u00f1a<\/strong>. Los tres obispos vascos, Miguel Asurmendi (Vitoria), Ricardo Bl\u00e1zquez (Bilbao) y Juan Mar\u00eda Uriarte (San Sebasti\u00e1n), han presidido el 11 de julio un funeral conjunto por 14 presb\u00edteros fusilados en Guip\u00fazcoa entre los a\u00f1os 1936 y 1937 por el bando franquista. Los obispos han calificado esta celebraci\u00f3n un \u00abacto de justicia reparadora y reconciliadora\u00bb para \u00abpurificar la memoria\u00bb de unos acontecimientos \u00abdolorosos\u00bb del pasado \u00abenvueltos en el silencio durante mucho tiempo\u00bb.<\/p>\n<p>En la homil\u00eda, elaborada conjuntamente por los tres obispos, han recordado que durante la Guerra Civil fueron ejecutados por ambos bandos m\u00e1s de setenta sacerdotes y religiosos dentro del Pa\u00eds Vasco, aunque han subrayado que los 14 fusilados por el bando franquista no contaron con una celebraci\u00f3n p\u00fablica de exequias. Han hecho hincapi\u00e9 en que \u00abno es justificable ni aceptable por m\u00e1s tiempo el silencio que en los medios oficiales de nuestra iglesia ha envuelto la muerte de estos sacerdotes\u00bb.<\/p>\n<p>Entre estos 14 sacerdotes por quienes se ha ofrecido el funeral se encuentra el <strong>misionero claretiano P. Jos\u00e9 Otano Miqueliz<\/strong>. Nacido en 1898,  profes\u00f3 en la Congregaci\u00f3n en 1915. Fue profesor y organista en diferentes lugares. El d\u00eda 12 de octubre de 1936 era detenido y llevado a la c\u00e1rcel. En la madrugada del 23 de octubre fue ejecutado con otro sacerdote y un grupo de seglares y enterrado en una fosa com\u00fan sin identificaci\u00f3n alguna. Por el testimonio de dos jesuitas que les atendieron espiritualmente aquellos d\u00edas sabemos que recibieron fervorosamente los sacramentos de la confesi\u00f3n y eucarist\u00eda.<\/p>\n","protected":false},"excerpt":{"rendered":"<p>Obispos vascos piden perd\u00f3n por el silencio de la Iglesia ante la muerte de religiosos durante la Guerra Civil de 1936 Espa\u00f1a. Los tres obispos vascos, Miguel Asurmendi (Vitoria), Ricardo Bl\u00e1zquez (Bilbao) y Juan Mar\u00eda Uriarte (San Sebasti\u00e1n), han presidido el 11 de julio un funeral conjunto por 14 presb\u00edteros fusilados en Guip\u00fazcoa entre los [&hellip;]<\/p>\n","protected":false},"author":1,"featured_media":0,"comment_status":"closed","ping_status":"closed","sticky":false,"template":"","format":"standard","meta":{"_et_pb_use_builder":"","_et_pb_old_content":"","_et_gb_content_width":"","footnotes":""},"categories":[504],"tags":[],"class_list":["post-59298","post","type-post","status-publish","format-standard","hentry","category-noticias-eclesiales"],"jetpack_featured_media_url":"","jetpack_sharing_enabled":true,"jetpack_shortlink":"https:\/\/wp.me\/pdaBmi-fqq","jetpack_likes_enabled":true,"_links":{"self":[{"href":"https:\/\/www.claret.org\/es\/wp-json\/wp\/v2\/posts\/59298","targetHints":{"allow":["GET"]}}],"collection":[{"href":"https:\/\/www.claret.org\/es\/wp-json\/wp\/v2\/posts"}],"about":[{"href":"https:\/\/www.claret.org\/es\/wp-json\/wp\/v2\/types\/post"}],"author":[{"embeddable":true,"href":"https:\/\/www.claret.org\/es\/wp-json\/wp\/v2\/users\/1"}],"replies":[{"embeddable":true,"href":"https:\/\/www.claret.org\/es\/wp-json\/wp\/v2\/comments?post=59298"}],"version-history":[{"count":0,"href":"https:\/\/www.claret.org\/es\/wp-json\/wp\/v2\/posts\/59298\/revisions"}],"wp:attachment":[{"href":"https:\/\/www.claret.org\/es\/wp-json\/wp\/v2\/media?parent=59298"}],"wp:term":[{"taxonomy":"category","embeddable":true,"href":"https:\/\/www.claret.org\/es\/wp-json\/wp\/v2\/categories?post=59298"},{"taxonomy":"post_tag","embeddable":true,"href":"https:\/\/www.claret.org\/es\/wp-json\/wp\/v2\/tags?post=59298"}],"curies":[{"name":"wp","href":"https:\/\/api.w.org\/{rel}","templated":true}]}}