{"id":59378,"date":"2009-06-24T10:17:58","date_gmt":"2009-06-24T08:17:58","guid":{"rendered":"https:\/\/www.claret.org\/dos-nuevos-sacerdotes-claretianos-en-polonia\/"},"modified":"2009-06-24T10:17:58","modified_gmt":"2009-06-24T08:17:58","slug":"dos-nuevos-sacerdotes-claretianos-en-polonia","status":"publish","type":"post","link":"https:\/\/www.claret.org\/es\/dos-nuevos-sacerdotes-claretianos-en-polonia\/","title":{"rendered":"Dos nuevos sacerdotes claretianos en Polonia"},"content":{"rendered":"<p><strong>Polonia<\/strong>. El d\u00eda 30 de mayo de 2009 la Provincia Claretiana de Polonia celebraba la ordenaci\u00f3n de dos sacerdotes. En la catedral de Wroclaw los claretianos, Marek Matyszek y Tomasz Pawlik recib\u00edan el orden sacerdotal de manos del metropolitano de Wroclaw, el Arzobispo Marian Golebiewski.<\/p>\n<p>El gozo de la Provincia es mayor al saber que uno de ellos ha sido enviado a la misi\u00f3n claretiana de Costa de Marf\u00edl, y el otro al servicio pastoral en la parroquia de Lodz. Damos gracias a Dios por estas vocaciones y pedimos por su fecundo ministerio. Que el Se\u00f1or nos conceda las nuevas vocaciones misioneras.<\/p>\n","protected":false},"excerpt":{"rendered":"<p>Polonia. El d\u00eda 30 de mayo de 2009 la Provincia Claretiana de Polonia celebraba la ordenaci\u00f3n de dos sacerdotes. En la catedral de Wroclaw los claretianos, Marek Matyszek y Tomasz Pawlik recib\u00edan el orden sacerdotal de manos del metropolitano de Wroclaw, el Arzobispo Marian Golebiewski. El gozo de la Provincia es mayor al saber que [&hellip;]<\/p>\n","protected":false},"author":1,"featured_media":0,"comment_status":"closed","ping_status":"closed","sticky":false,"template":"","format":"standard","meta":{"_et_pb_use_builder":"","_et_pb_old_content":"","_et_gb_content_width":"","footnotes":""},"categories":[573,335],"tags":[],"class_list":["post-59378","post","type-post","status-publish","format-standard","hentry","category-ordenaciones","category-polska-es"],"jetpack_featured_media_url":"","jetpack_sharing_enabled":true,"jetpack_shortlink":"https:\/\/wp.me\/pdaBmi-frI","jetpack_likes_enabled":true,"_links":{"self":[{"href":"https:\/\/www.claret.org\/es\/wp-json\/wp\/v2\/posts\/59378","targetHints":{"allow":["GET"]}}],"collection":[{"href":"https:\/\/www.claret.org\/es\/wp-json\/wp\/v2\/posts"}],"about":[{"href":"https:\/\/www.claret.org\/es\/wp-json\/wp\/v2\/types\/post"}],"author":[{"embeddable":true,"href":"https:\/\/www.claret.org\/es\/wp-json\/wp\/v2\/users\/1"}],"replies":[{"embeddable":true,"href":"https:\/\/www.claret.org\/es\/wp-json\/wp\/v2\/comments?post=59378"}],"version-history":[{"count":0,"href":"https:\/\/www.claret.org\/es\/wp-json\/wp\/v2\/posts\/59378\/revisions"}],"wp:attachment":[{"href":"https:\/\/www.claret.org\/es\/wp-json\/wp\/v2\/media?parent=59378"}],"wp:term":[{"taxonomy":"category","embeddable":true,"href":"https:\/\/www.claret.org\/es\/wp-json\/wp\/v2\/categories?post=59378"},{"taxonomy":"post_tag","embeddable":true,"href":"https:\/\/www.claret.org\/es\/wp-json\/wp\/v2\/tags?post=59378"}],"curies":[{"name":"wp","href":"https:\/\/api.w.org\/{rel}","templated":true}]}}