{"id":59439,"date":"2009-05-11T11:28:50","date_gmt":"2009-05-11T09:28:50","guid":{"rendered":"https:\/\/www.claret.org\/reunion-de-estudiantes-claretianos-de-iberia\/"},"modified":"2009-05-11T11:28:50","modified_gmt":"2009-05-11T09:28:50","slug":"reunion-de-estudiantes-claretianos-de-iberia","status":"publish","type":"post","link":"https:\/\/www.claret.org\/es\/reunion-de-estudiantes-claretianos-de-iberia\/","title":{"rendered":"Reuni\u00f3n de estudiantes claretianos de Iberia"},"content":{"rendered":"<p><strong>Portugal<\/strong>. El santuario de F\u00e1tima (Portugal) acoge estos d\u00edas el encuentro de estudiantes y postulantes de Iberia que viene realiz\u00e1ndose a\u00f1o tras a\u00f1o. En total participan 44 claretianos: el P. Mathew Vatamattam (Prefecto General de Formaci\u00f3n), el P. Bellella (director del CESC &#8211; Vic), 19 claretianos del Centro Formativo Internacional de Colmenar, 5 del P\u00edo XII de Lisboa, 15 de B\u00e9tica (teologado de Granada y postulantado de Sevilla) y 1 de Colombia. En esta ocasi\u00f3n, la Provincia de Portugal, en calidad de anfitriona, ha dispuesto todo para que formandos venidos de las provincias de Catalu\u00f1a, Euskal Herria, B\u00e9tica, Santiago y Portugal -y procedentes a su vez de 13 organismos distintos dispersos por todo el mundo-, reflexionen y oren en comuni\u00f3n de esp\u00edritu sobre palabras que se han convertido en piezas claves en la configuraci\u00f3n del puzle social y congregacional en que vivimos: pluralidad, multiculturalidad y, lo que es a\u00fan m\u00e1s dif\u00edcil, interculturalidad a la luz universal del Evangelio.<\/p>\n<p>Que Mar\u00eda de F\u00e1tima guie nuestros formandos y a todos los misioneros en la b\u00fasqueda del nuevo rostro de la congregaci\u00f3n y que nos forme en su coraz\u00f3n generoso de madre, as\u00ed como acompa\u00f1\u00f3 al grupo heterog\u00e9neo de los primeros disc\u00edpulos.<\/p>\n","protected":false},"excerpt":{"rendered":"<p>Portugal. El santuario de F\u00e1tima (Portugal) acoge estos d\u00edas el encuentro de estudiantes y postulantes de Iberia que viene realiz\u00e1ndose a\u00f1o tras a\u00f1o. En total participan 44 claretianos: el P. Mathew Vatamattam (Prefecto General de Formaci\u00f3n), el P. Bellella (director del CESC &#8211; Vic), 19 claretianos del Centro Formativo Internacional de Colmenar, 5 del P\u00edo [&hellip;]<\/p>\n","protected":false},"author":1,"featured_media":0,"comment_status":"closed","ping_status":"closed","sticky":false,"template":"","format":"standard","meta":{"_et_pb_use_builder":"","_et_pb_old_content":"","_et_gb_content_width":"","footnotes":""},"categories":[553,533,322],"tags":[],"class_list":["post-59439","post","type-post","status-publish","format-standard","hentry","category-hermanos","category-la-congregacion","category-portugal-es"],"jetpack_featured_media_url":"","jetpack_sharing_enabled":true,"jetpack_shortlink":"https:\/\/wp.me\/pdaBmi-fsH","jetpack_likes_enabled":true,"_links":{"self":[{"href":"https:\/\/www.claret.org\/es\/wp-json\/wp\/v2\/posts\/59439","targetHints":{"allow":["GET"]}}],"collection":[{"href":"https:\/\/www.claret.org\/es\/wp-json\/wp\/v2\/posts"}],"about":[{"href":"https:\/\/www.claret.org\/es\/wp-json\/wp\/v2\/types\/post"}],"author":[{"embeddable":true,"href":"https:\/\/www.claret.org\/es\/wp-json\/wp\/v2\/users\/1"}],"replies":[{"embeddable":true,"href":"https:\/\/www.claret.org\/es\/wp-json\/wp\/v2\/comments?post=59439"}],"version-history":[{"count":0,"href":"https:\/\/www.claret.org\/es\/wp-json\/wp\/v2\/posts\/59439\/revisions"}],"wp:attachment":[{"href":"https:\/\/www.claret.org\/es\/wp-json\/wp\/v2\/media?parent=59439"}],"wp:term":[{"taxonomy":"category","embeddable":true,"href":"https:\/\/www.claret.org\/es\/wp-json\/wp\/v2\/categories?post=59439"},{"taxonomy":"post_tag","embeddable":true,"href":"https:\/\/www.claret.org\/es\/wp-json\/wp\/v2\/tags?post=59439"}],"curies":[{"name":"wp","href":"https:\/\/api.w.org\/{rel}","templated":true}]}}