{"id":59450,"date":"2009-05-03T11:39:02","date_gmt":"2009-05-03T09:39:02","guid":{"rendered":"https:\/\/www.claret.org\/oracion-por-la-paz-y-la-justicia\/"},"modified":"2009-05-03T11:39:02","modified_gmt":"2009-05-03T09:39:02","slug":"oracion-por-la-paz-y-la-justicia","status":"publish","type":"post","link":"https:\/\/www.claret.org\/es\/oracion-por-la-paz-y-la-justicia\/","title":{"rendered":"Oraci\u00f3n por la paz y la justicia"},"content":{"rendered":"<p><strong>Roma<\/strong>. La comunidad de la curia generalicia ha dedicado en la tarde del mi\u00e9rcoles, d\u00eda 22, un tiempo especial de oraci\u00f3n, un Rosario por la Paz, para pedir por la paz en el mundo, especialmente por la Iglesia y el pueblo de Sri Lanka donde se han recrudecido los ataques y el pueblo est\u00e1 padeciendo las peores consecuencias de una guerra que en tantos a\u00f1os acumula muertes, huidas  y dolor.<br \/>\nNuestros hermanos de Sri Lanka tambi\u00e9n padecen especialmente las consecuencias y conf\u00edan en nuestra solidaridad mediante la oraci\u00f3n y otros gestos que sirvan para dar a conocer un conflicto que los medios no comunican como se perecen.<br \/>\nEsta oraci\u00f3n ha sido una iniciativa del responsable del Secretariado de Justicia y Paz, Hno. Arnel Alcober.<br \/>\nUn rosario acompa\u00f1ado de reflexiones b\u00edblicas y otros textos y oraciones han querido ser una sencilla contribuci\u00f3n desde la fe a la b\u00fasqueda de la paz.<\/p>\n","protected":false},"excerpt":{"rendered":"<p>Roma. La comunidad de la curia generalicia ha dedicado en la tarde del mi\u00e9rcoles, d\u00eda 22, un tiempo especial de oraci\u00f3n, un Rosario por la Paz, para pedir por la paz en el mundo, especialmente por la Iglesia y el pueblo de Sri Lanka donde se han recrudecido los ataques y el pueblo est\u00e1 padeciendo [&hellip;]<\/p>\n","protected":false},"author":1,"featured_media":0,"comment_status":"closed","ping_status":"closed","sticky":false,"template":"","format":"standard","meta":{"_et_pb_use_builder":"","_et_pb_old_content":"","_et_gb_content_width":"","footnotes":""},"categories":[261,445],"tags":[],"class_list":["post-59450","post","type-post","status-publish","format-standard","hentry","category-jpic-es","category-solidaridad-y-mision"],"jetpack_featured_media_url":"","jetpack_sharing_enabled":true,"jetpack_shortlink":"https:\/\/wp.me\/pdaBmi-fsS","jetpack_likes_enabled":true,"_links":{"self":[{"href":"https:\/\/www.claret.org\/es\/wp-json\/wp\/v2\/posts\/59450","targetHints":{"allow":["GET"]}}],"collection":[{"href":"https:\/\/www.claret.org\/es\/wp-json\/wp\/v2\/posts"}],"about":[{"href":"https:\/\/www.claret.org\/es\/wp-json\/wp\/v2\/types\/post"}],"author":[{"embeddable":true,"href":"https:\/\/www.claret.org\/es\/wp-json\/wp\/v2\/users\/1"}],"replies":[{"embeddable":true,"href":"https:\/\/www.claret.org\/es\/wp-json\/wp\/v2\/comments?post=59450"}],"version-history":[{"count":0,"href":"https:\/\/www.claret.org\/es\/wp-json\/wp\/v2\/posts\/59450\/revisions"}],"wp:attachment":[{"href":"https:\/\/www.claret.org\/es\/wp-json\/wp\/v2\/media?parent=59450"}],"wp:term":[{"taxonomy":"category","embeddable":true,"href":"https:\/\/www.claret.org\/es\/wp-json\/wp\/v2\/categories?post=59450"},{"taxonomy":"post_tag","embeddable":true,"href":"https:\/\/www.claret.org\/es\/wp-json\/wp\/v2\/tags?post=59450"}],"curies":[{"name":"wp","href":"https:\/\/api.w.org\/{rel}","templated":true}]}}