{"id":59467,"date":"2009-05-03T11:50:58","date_gmt":"2009-05-03T09:50:58","guid":{"rendered":"https:\/\/www.claret.org\/asamblea-de-claretianos-en-camerun\/"},"modified":"2009-05-03T11:50:58","modified_gmt":"2009-05-03T09:50:58","slug":"asamblea-de-claretianos-en-camerun","status":"publish","type":"post","link":"https:\/\/www.claret.org\/es\/asamblea-de-claretianos-en-camerun\/","title":{"rendered":"Asamblea de Claretianos en Camer\u00fan"},"content":{"rendered":"<p><strong>Camer\u00fan<\/strong>. Los d\u00edas 15 al 17 de abril se ha celebrado en Yaund\u00e9 la Asamblea de los claretianos de \u00c1frica Central presentes en Camer\u00fan, con la asistencia del nuevo Gobierno de la Delegaci\u00f3n, del P. Vicente Sanz en representaci\u00f3n del P. General y del P. Ram\u00f3n Olom\u00ed, encargado del seguimiento del proceso de autofinanciaci\u00f3n de la Delegaci\u00f3n.<br \/>\nEsta Asamblea es el segundo momento asambleario de la Delegaci\u00f3n, despu\u00e9s de la realizada en la zona del Congo en el mes de febrero. Se trata de la primera Asamblea del nuevo Gobierno de la Delegaci\u00f3n. En ella se han revisado todos los temas referentes a gobierno, vida comunitaria, espiritualidad, apostolado y econom\u00eda. Los participantes han reflexionado y dialogado sobre estos puntos y han dejado al nuevo Gobierno un buen n\u00famero de recomendaciones a tener en cuenta. Dada la presencia del Delegado para la autofinanciaci\u00f3n, se ha resaltado de un modo particular el tema de la econom\u00eda, para lo cual se ha llamado a un religioso escotista que ha ayudado a la reflexi\u00f3n te\u00f3rica.<br \/>\nHan participado en la Asamblea 42 profesos perpetuos, en un excelente ambiente de oraci\u00f3n y fraternidad, por el que damos gracias a Dios.<\/p>\n","protected":false},"excerpt":{"rendered":"<p>Camer\u00fan. Los d\u00edas 15 al 17 de abril se ha celebrado en Yaund\u00e9 la Asamblea de los claretianos de \u00c1frica Central presentes en Camer\u00fan, con la asistencia del nuevo Gobierno de la Delegaci\u00f3n, del P. Vicente Sanz en representaci\u00f3n del P. General y del P. Ram\u00f3n Olom\u00ed, encargado del seguimiento del proceso de autofinanciaci\u00f3n de [&hellip;]<\/p>\n","protected":false},"author":1,"featured_media":0,"comment_status":"closed","ping_status":"closed","sticky":false,"template":"","format":"standard","meta":{"_et_pb_use_builder":"","_et_pb_old_content":"","_et_gb_content_width":"","footnotes":""},"categories":[132],"tags":[],"class_list":["post-59467","post","type-post","status-publish","format-standard","hentry","category-cameroun-es"],"jetpack_featured_media_url":"","jetpack_sharing_enabled":true,"jetpack_shortlink":"https:\/\/wp.me\/pdaBmi-ft9","jetpack_likes_enabled":true,"_links":{"self":[{"href":"https:\/\/www.claret.org\/es\/wp-json\/wp\/v2\/posts\/59467","targetHints":{"allow":["GET"]}}],"collection":[{"href":"https:\/\/www.claret.org\/es\/wp-json\/wp\/v2\/posts"}],"about":[{"href":"https:\/\/www.claret.org\/es\/wp-json\/wp\/v2\/types\/post"}],"author":[{"embeddable":true,"href":"https:\/\/www.claret.org\/es\/wp-json\/wp\/v2\/users\/1"}],"replies":[{"embeddable":true,"href":"https:\/\/www.claret.org\/es\/wp-json\/wp\/v2\/comments?post=59467"}],"version-history":[{"count":0,"href":"https:\/\/www.claret.org\/es\/wp-json\/wp\/v2\/posts\/59467\/revisions"}],"wp:attachment":[{"href":"https:\/\/www.claret.org\/es\/wp-json\/wp\/v2\/media?parent=59467"}],"wp:term":[{"taxonomy":"category","embeddable":true,"href":"https:\/\/www.claret.org\/es\/wp-json\/wp\/v2\/categories?post=59467"},{"taxonomy":"post_tag","embeddable":true,"href":"https:\/\/www.claret.org\/es\/wp-json\/wp\/v2\/tags?post=59467"}],"curies":[{"name":"wp","href":"https:\/\/api.w.org\/{rel}","templated":true}]}}