{"id":59519,"date":"2009-03-22T12:41:16","date_gmt":"2009-03-22T11:41:16","guid":{"rendered":"https:\/\/www.claret.org\/claretianos-de-bolivia-y-peru-ante-la-reorganizacion\/"},"modified":"2009-03-22T12:41:16","modified_gmt":"2009-03-22T11:41:16","slug":"claretianos-de-bolivia-y-peru-ante-la-reorganizacion","status":"publish","type":"post","link":"https:\/\/www.claret.org\/es\/claretianos-de-bolivia-y-peru-ante-la-reorganizacion\/","title":{"rendered":"Claretianos de Bolivia y Per\u00fa ante la reorganizaci\u00f3n"},"content":{"rendered":"<p><strong>Bolivia<\/strong>. Los d\u00edas 10 y 11 de marzo, se reunieron en la Casa de retiro \u201cMarie Pouissepin\u201d, de Cochabamba, 23 Claretianos que ejercen su ministerio apost\u00f3lico en Per\u00fa y en Bolivia para profundizar en el proceso de reorganizaci\u00f3n emprendido entre ambos Organismos. El encuentro se desarroll\u00f3 en dos etapas. La primera, de mutuo conocimiento; cada comunidad present\u00f3 su realidad de personas y actividades apost\u00f3licas. Tambi\u00e9n se present\u00f3 la situaci\u00f3n econ\u00f3mica de cada Organismo y de cada una de las comunidades y actividades. La segunda, de intenso di\u00e1logo sobre el proceso de reorganizaci\u00f3n congregacional emprendido por nuestros Organismos. Se concluy\u00f3 este Encuentro asumiendo diversos dinamismos de mayor acercamiento durante este a\u00f1o 2009 y se ratific\u00f3 la sugerencia de que el Gobierno General cree en enero del 2010 el nuevo organismo mayor y designe un equipo provisional de gobierno.<br \/>\nSe termin\u00f3 este Encuentro con la celebraci\u00f3n eucar\u00edstica poniendo en las manos del Se\u00f1or este proceso congregacional.<\/p>\n","protected":false},"excerpt":{"rendered":"<p>Bolivia. Los d\u00edas 10 y 11 de marzo, se reunieron en la Casa de retiro \u201cMarie Pouissepin\u201d, de Cochabamba, 23 Claretianos que ejercen su ministerio apost\u00f3lico en Per\u00fa y en Bolivia para profundizar en el proceso de reorganizaci\u00f3n emprendido entre ambos Organismos. El encuentro se desarroll\u00f3 en dos etapas. La primera, de mutuo conocimiento; cada [&hellip;]<\/p>\n","protected":false},"author":1,"featured_media":0,"comment_status":"closed","ping_status":"closed","sticky":false,"template":"","format":"standard","meta":{"_et_pb_use_builder":"","_et_pb_old_content":"","_et_gb_content_width":"","footnotes":""},"categories":[387],"tags":[],"class_list":["post-59519","post","type-post","status-publish","format-standard","hentry","category-peru-bolivia-es"],"jetpack_featured_media_url":"","jetpack_sharing_enabled":true,"jetpack_shortlink":"https:\/\/wp.me\/pdaBmi-ftZ","jetpack_likes_enabled":true,"_links":{"self":[{"href":"https:\/\/www.claret.org\/es\/wp-json\/wp\/v2\/posts\/59519","targetHints":{"allow":["GET"]}}],"collection":[{"href":"https:\/\/www.claret.org\/es\/wp-json\/wp\/v2\/posts"}],"about":[{"href":"https:\/\/www.claret.org\/es\/wp-json\/wp\/v2\/types\/post"}],"author":[{"embeddable":true,"href":"https:\/\/www.claret.org\/es\/wp-json\/wp\/v2\/users\/1"}],"replies":[{"embeddable":true,"href":"https:\/\/www.claret.org\/es\/wp-json\/wp\/v2\/comments?post=59519"}],"version-history":[{"count":0,"href":"https:\/\/www.claret.org\/es\/wp-json\/wp\/v2\/posts\/59519\/revisions"}],"wp:attachment":[{"href":"https:\/\/www.claret.org\/es\/wp-json\/wp\/v2\/media?parent=59519"}],"wp:term":[{"taxonomy":"category","embeddable":true,"href":"https:\/\/www.claret.org\/es\/wp-json\/wp\/v2\/categories?post=59519"},{"taxonomy":"post_tag","embeddable":true,"href":"https:\/\/www.claret.org\/es\/wp-json\/wp\/v2\/tags?post=59519"}],"curies":[{"name":"wp","href":"https:\/\/api.w.org\/{rel}","templated":true}]}}