{"id":59573,"date":"2009-01-22T15:13:18","date_gmt":"2009-01-22T14:13:18","guid":{"rendered":"https:\/\/www.claret.org\/asamblea-de-claretianos-del-cono-sur-ii\/"},"modified":"2009-01-22T15:13:18","modified_gmt":"2009-01-22T14:13:18","slug":"asamblea-de-claretianos-del-cono-sur-ii","status":"publish","type":"post","link":"https:\/\/www.claret.org\/es\/asamblea-de-claretianos-del-cono-sur-ii\/","title":{"rendered":"Asamblea de Claretianos del Cono Sur II"},"content":{"rendered":"<p><b>Argentina<\/b>. El segundo d\u00eda de Asamblea, animados en la liturgia por la Delegaci\u00f3n de San Jos\u00e9 de Chile comenzamos la jornada con la Eucarist\u00eda, presidida por el P. Agust\u00edn Cabr\u00e9, y el rezo de laudes.<br \/>\nEn este ambiente de fraternidad y disfrutando del excelente clima de la sierra cordobesa, dedicamos la ma\u00f1ana a reflexionar sobre la historia de la llegada de los primeros claretianos a estas<\/p>\n<p>tierras del sur. En esta tarea nos ayudaron los PP. Agust\u00edn Cabr\u00e9 y Gustavo Alonso, quienes nos presentaron el c\u00f3mo y el porqu\u00e9 llegaron los primeros claretianos. Ambos resaltaron las notas m\u00e1s caracter\u00edsticas de esos primeros tiempos siguiendo ese aspecto tan claretiano de lo m\u00e1s urgente, oportuno y eficaz. En los dos casos el trabajo con los pobres fue algo que movi\u00f3 al crecimiento y a la expansi\u00f3n de las comunidades, provocando la asunci\u00f3n de nuevos campos apost\u00f3licos en la medida que iban conociendo la realidad.<\/p>\n<p>Tras un breve descanso, Marta Boiocchi, misionera en Hait\u00ed, comparti\u00f3 con nosotros su experiencia en ese pa\u00eds y agradeci\u00f3 la ayuda y la solidaridad prestada en los dif\u00edciles momentos vividos tras la \u00faltima temporada de huracanes que arras\u00f3 el pa\u00eds.<\/p>\n<p>A continuaci\u00f3n, dedicamos lo que restaba de la ma\u00f1ana y parte de la tarde a visualizar algunas presentaciones de videos y power points que nos presentaron la realidad, la historia y la vida de los cuatro Organismos. En la tarde tambi\u00e9n reflexionamos sobre el camino recorrido en este proceso de Reorganizaci\u00f3n y a compartir una presentaci\u00f3n sobre los puntos en com\u00fan de los cuatro Proyectos Pastorales y Misioneros de los Organismos.<br \/>\nTerminamos el d\u00eda con el rezo del rosario y la cena.<\/p>\n","protected":false},"excerpt":{"rendered":"<p>Argentina. El segundo d\u00eda de Asamblea, animados en la liturgia por la Delegaci\u00f3n de San Jos\u00e9 de Chile comenzamos la jornada con la Eucarist\u00eda, presidida por el P. Agust\u00edn Cabr\u00e9, y el rezo de laudes. En este ambiente de fraternidad y disfrutando del excelente clima de la sierra cordobesa, dedicamos la ma\u00f1ana a reflexionar sobre [&hellip;]<\/p>\n","protected":false},"author":1,"featured_media":0,"comment_status":"closed","ping_status":"closed","sticky":false,"template":"","format":"standard","meta":{"_et_pb_use_builder":"","_et_pb_old_content":"","_et_gb_content_width":"","footnotes":""},"categories":[394],"tags":[],"class_list":["post-59573","post","type-post","status-publish","format-standard","hentry","category-san-jose-del-sur-es"],"jetpack_featured_media_url":"","jetpack_sharing_enabled":true,"jetpack_shortlink":"https:\/\/wp.me\/pdaBmi-fuR","jetpack_likes_enabled":true,"_links":{"self":[{"href":"https:\/\/www.claret.org\/es\/wp-json\/wp\/v2\/posts\/59573","targetHints":{"allow":["GET"]}}],"collection":[{"href":"https:\/\/www.claret.org\/es\/wp-json\/wp\/v2\/posts"}],"about":[{"href":"https:\/\/www.claret.org\/es\/wp-json\/wp\/v2\/types\/post"}],"author":[{"embeddable":true,"href":"https:\/\/www.claret.org\/es\/wp-json\/wp\/v2\/users\/1"}],"replies":[{"embeddable":true,"href":"https:\/\/www.claret.org\/es\/wp-json\/wp\/v2\/comments?post=59573"}],"version-history":[{"count":0,"href":"https:\/\/www.claret.org\/es\/wp-json\/wp\/v2\/posts\/59573\/revisions"}],"wp:attachment":[{"href":"https:\/\/www.claret.org\/es\/wp-json\/wp\/v2\/media?parent=59573"}],"wp:term":[{"taxonomy":"category","embeddable":true,"href":"https:\/\/www.claret.org\/es\/wp-json\/wp\/v2\/categories?post=59573"},{"taxonomy":"post_tag","embeddable":true,"href":"https:\/\/www.claret.org\/es\/wp-json\/wp\/v2\/tags?post=59573"}],"curies":[{"name":"wp","href":"https:\/\/api.w.org\/{rel}","templated":true}]}}