{"id":59581,"date":"2009-01-19T15:17:50","date_gmt":"2009-01-19T14:17:50","guid":{"rendered":"https:\/\/www.claret.org\/encuentro-de-amigos-de-las-misiones-claretianas\/"},"modified":"2009-01-19T15:17:50","modified_gmt":"2009-01-19T14:17:50","slug":"encuentro-de-amigos-de-las-misiones-claretianas","status":"publish","type":"post","link":"https:\/\/www.claret.org\/es\/encuentro-de-amigos-de-las-misiones-claretianas\/","title":{"rendered":"Encuentro de Amigos de las Misiones Claretianas"},"content":{"rendered":"<p><b>Polonia<\/b>. Se ha celebrado en Krzydlina Mala, cerca de Wroclaw, un encuentro de Amigos de las Misiones Claretianas del 12 &#8211; 14 de diciembre. Ha sido el promovida por el P. Piotr Boron, responsable del \u00e1rea de misi\u00f3n de provincia polaca. Durante estos d\u00edas, los 66 participantes de diferentes puntos de Polonia recibieron informaci\u00f3n sobre las actividades misioneras de la Provincia.<br \/>\nEl plan de estos d\u00edas se ha desarrollado con presentaciones<\/p>\n<p>multimediales, liturgia, trabajo misionero. Pronto se cre\u00f3 un clima de gran alegr\u00eda y confianza. El P. Boron expuso sus experiencias de los dos a\u00f1os de actividad apost\u00f3lica en \u00c1frica, en Costa de Marfil. El d\u00eda 13 estuvo dedicado a los M\u00e1rtires Claretianos de Barbastro se les record\u00f3 y se dio a conocer su martirio.<\/p>\n<p>El \u00faltimo d\u00eda, los seminaristas fueron presentando su vida y fueron respondiendo a las preguntas que se les hac\u00edan iban surgiendo.<\/p>\n<p>La \u00faltima tarde los asistente compartireon una cena y se cantaron villancicos, adelantando as\u00ed la Navidad que ya estaba cercana.<\/p>\n<p>Fue de grande alegr\u00eda la presencia del p\u00e1rroco con un grupo de ni\u00f1os de Zareba.<\/p>\n<p>Con estas impresiones el d\u00eda 14 salieron todos del encuentro hacia sus hogares.<\/p>\n","protected":false},"excerpt":{"rendered":"<p>Polonia. Se ha celebrado en Krzydlina Mala, cerca de Wroclaw, un encuentro de Amigos de las Misiones Claretianas del 12 &#8211; 14 de diciembre. Ha sido el promovida por el P. Piotr Boron, responsable del \u00e1rea de misi\u00f3n de provincia polaca. Durante estos d\u00edas, los 66 participantes de diferentes puntos de Polonia recibieron informaci\u00f3n sobre [&hellip;]<\/p>\n","protected":false},"author":1,"featured_media":0,"comment_status":"closed","ping_status":"closed","sticky":false,"template":"","format":"standard","meta":{"_et_pb_use_builder":"","_et_pb_old_content":"","_et_gb_content_width":"","footnotes":""},"categories":[460,335],"tags":[],"class_list":["post-59581","post","type-post","status-publish","format-standard","hentry","category-la-mision-claretiana","category-polska-es"],"jetpack_featured_media_url":"","jetpack_sharing_enabled":true,"jetpack_shortlink":"https:\/\/wp.me\/pdaBmi-fuZ","jetpack_likes_enabled":true,"_links":{"self":[{"href":"https:\/\/www.claret.org\/es\/wp-json\/wp\/v2\/posts\/59581","targetHints":{"allow":["GET"]}}],"collection":[{"href":"https:\/\/www.claret.org\/es\/wp-json\/wp\/v2\/posts"}],"about":[{"href":"https:\/\/www.claret.org\/es\/wp-json\/wp\/v2\/types\/post"}],"author":[{"embeddable":true,"href":"https:\/\/www.claret.org\/es\/wp-json\/wp\/v2\/users\/1"}],"replies":[{"embeddable":true,"href":"https:\/\/www.claret.org\/es\/wp-json\/wp\/v2\/comments?post=59581"}],"version-history":[{"count":0,"href":"https:\/\/www.claret.org\/es\/wp-json\/wp\/v2\/posts\/59581\/revisions"}],"wp:attachment":[{"href":"https:\/\/www.claret.org\/es\/wp-json\/wp\/v2\/media?parent=59581"}],"wp:term":[{"taxonomy":"category","embeddable":true,"href":"https:\/\/www.claret.org\/es\/wp-json\/wp\/v2\/categories?post=59581"},{"taxonomy":"post_tag","embeddable":true,"href":"https:\/\/www.claret.org\/es\/wp-json\/wp\/v2\/tags?post=59581"}],"curies":[{"name":"wp","href":"https:\/\/api.w.org\/{rel}","templated":true}]}}