{"id":59609,"date":"2008-12-28T15:42:25","date_gmt":"2008-12-28T14:42:25","guid":{"rendered":"https:\/\/www.claret.org\/semana-de-vida-consagrada-en-el-claretianum-iii\/"},"modified":"2008-12-28T15:42:25","modified_gmt":"2008-12-28T14:42:25","slug":"semana-de-vida-consagrada-en-el-claretianum-iii","status":"publish","type":"post","link":"https:\/\/www.claret.org\/es\/semana-de-vida-consagrada-en-el-claretianum-iii\/","title":{"rendered":"Semana de Vida Consagrada en el Claretianum III"},"content":{"rendered":"<p><b>Roma<\/b>. Mar\u00eda, madre de la Palabra, Nuestra Se\u00f1ora de Guadalupe, acompa\u00f1a el \u00faltimo d\u00eda de la Semana en sinton\u00eda con todo el continente americano, especialmente con M\u00e9xico.<\/p>\n<p>Al final de estos d\u00edas de trabajo no pod\u00eda faltar una reflexi\u00f3n sobre la dedagog\u00eda de la Palabra en los procesos formativos; por ello se encontraban dispuestos a decir algo al respecto el prof. Don <b>Giuseppe Roggia<\/b>, salesiano, y el P. <b>Josep Ma. Abella<\/b>, superior general de los misioneros claretianos.<\/p>\n<p>El primer relator se centr\u00f3 m\u00e1s directamente en la formaci\u00f3n inicial, presentando algunos recorridos concretos seg\u00fan las diferentes etapas formativas; il segundo, present\u00f3 un Proyecto de formaci\u00f3n permanente de encuentro con la Palabra que la Congregaci\u00f3n de los misioneros claretianos ha llevado adelante durante varios a\u00f1os con el t\u00edtulo \u201cPalabra-Misi\u00f3n\u201d.<\/p>\n<p>Para concluir la Semana, su moderador, P. <b>Josu M. Alday<\/b>, dirigi\u00f3 esta pregunta a todos los participantes: \u00bfqu\u00e9 podemos llevar dentro de nosotros que nos ayude a hacer de la Palabra un compromiso particular? \u00e9l mismo propuso estos puntos:<\/p>\n<p>1. Llevo conmigo la oraci\u00f3n del salmista: \u201cDame vida seg\u00fan tu palabra\u201d<\/p>\n<p>2. El desaf\u00edo de ser \u201cex\u00e9gesis viviente de la Palabra\u201d y buscar el ser palabra de la Palabra<\/p>\n<p>3. Los fundadores (S. Jer\u00f3nimo, S. Romualdo\u2026), en particolar S. Antonio Mar\u00eda Claret, inspirado por la Palabra para ser su misionero, y que nos quiere servidores de la Palabra<\/p>\n<p>4. Haciendo que la oraci\u00f3n sea una verdadera experiencia de \u201cencuentro\u201d<\/p>\n<p>5. Con la Regla de Vida o las Constituciones en mis manos<\/p>\n<p>6. Para ser formado y habilitado para la misi\u00f3n.<\/p>\n<p>Termin\u00f3 agradeciendo al Se\u00f1or estos d\u00edas de encuentro.<\/p>\n<p>Que Mar\u00eda, madre de la Palabra, engendre en todos a su Hijo por la potencia del Esp\u00edritu.<\/p>\n","protected":false},"excerpt":{"rendered":"<p>Roma. Mar\u00eda, madre de la Palabra, Nuestra Se\u00f1ora de Guadalupe, acompa\u00f1a el \u00faltimo d\u00eda de la Semana en sinton\u00eda con todo el continente americano, especialmente con M\u00e9xico. Al final de estos d\u00edas de trabajo no pod\u00eda faltar una reflexi\u00f3n sobre la dedagog\u00eda de la Palabra en los procesos formativos; por ello se encontraban dispuestos a [&hellip;]<\/p>\n","protected":false},"author":1,"featured_media":0,"comment_status":"closed","ping_status":"closed","sticky":false,"template":"","format":"standard","meta":{"_et_pb_use_builder":"","_et_pb_old_content":"","_et_gb_content_width":"","footnotes":""},"categories":[417],"tags":[],"class_list":["post-59609","post","type-post","status-publish","format-standard","hentry","category-vida-consagrada"],"jetpack_featured_media_url":"","jetpack_sharing_enabled":true,"jetpack_shortlink":"https:\/\/wp.me\/pdaBmi-fvr","jetpack_likes_enabled":true,"_links":{"self":[{"href":"https:\/\/www.claret.org\/es\/wp-json\/wp\/v2\/posts\/59609","targetHints":{"allow":["GET"]}}],"collection":[{"href":"https:\/\/www.claret.org\/es\/wp-json\/wp\/v2\/posts"}],"about":[{"href":"https:\/\/www.claret.org\/es\/wp-json\/wp\/v2\/types\/post"}],"author":[{"embeddable":true,"href":"https:\/\/www.claret.org\/es\/wp-json\/wp\/v2\/users\/1"}],"replies":[{"embeddable":true,"href":"https:\/\/www.claret.org\/es\/wp-json\/wp\/v2\/comments?post=59609"}],"version-history":[{"count":0,"href":"https:\/\/www.claret.org\/es\/wp-json\/wp\/v2\/posts\/59609\/revisions"}],"wp:attachment":[{"href":"https:\/\/www.claret.org\/es\/wp-json\/wp\/v2\/media?parent=59609"}],"wp:term":[{"taxonomy":"category","embeddable":true,"href":"https:\/\/www.claret.org\/es\/wp-json\/wp\/v2\/categories?post=59609"},{"taxonomy":"post_tag","embeddable":true,"href":"https:\/\/www.claret.org\/es\/wp-json\/wp\/v2\/tags?post=59609"}],"curies":[{"name":"wp","href":"https:\/\/api.w.org\/{rel}","templated":true}]}}