{"id":59753,"date":"2008-05-04T18:13:56","date_gmt":"2008-05-04T16:13:56","guid":{"rendered":"https:\/\/www.claret.org\/ix-encuentro-claretiano-sobre-la-pastoral-de-emigrantes-iv\/"},"modified":"2008-05-04T18:13:56","modified_gmt":"2008-05-04T16:13:56","slug":"ix-encuentro-claretiano-sobre-la-pastoral-de-emigrantes-iv","status":"publish","type":"post","link":"https:\/\/www.claret.org\/es\/ix-encuentro-claretiano-sobre-la-pastoral-de-emigrantes-iv\/","title":{"rendered":"IX Encuentro claretiano sobre la pastoral de emigrantes. IV"},"content":{"rendered":"<p><b>Suiza<\/b>. Comenzamos el d\u00eda rezando juntos laudes dirigidos por la delegaci\u00f3n italiana.<\/p>\n<p>Durante toda la ma\u00f1ana trabajamos por grupos y ponemos en com\u00fan las orientaciones de futuro y ejes transversales de la pastoral de migraciones claretiana europea para el pr\u00f3ximo sexenio.<br \/>\nPara el trabajo por grupos, una comisi\u00f3n formada por Miguel Tombilla (<a href=\"http:\/\/www2.claret.org\/es\/noticias\/03-05-2008\/index.php?option=com_rsgallery2&amp;page=inline&amp;id=283&amp;Itemid=109\" target=\"_self\" rel=\"noopener noreferrer nofollow\">Foto<\/a> ), Pilar Maroto y Javier Ojeda, elaboran un documento gu\u00eda,<\/p>\n<p>ya bastante desarrollado y concreto. Con el documento de los retos y conclusiones del encuentro de F\u00e1tima y las l\u00edneas de actuaci\u00f3n indicadas por Pilar Samanes, aportamos y corregimos (varias veces) este documento gu\u00eda avanzando hacia un documento consensuado final.<\/p>\n<p>A media tarde, se incorpora al grupo el Franz Stampfli (3 <a href=\"http:\/\/www2.claret.org\/es\/noticias\/03-05-2008\/index.php?option=com_rsgallery2&amp;page=inline&amp;id=277&amp;Itemid=109\" target=\"_self\" rel=\"noopener noreferrer nofollow\">Foto<\/a> ), delegado episcopal para migraciones del Cant\u00f3n de Z\u00fcrich desde 1973 (predecesor de Lu\u00eds Capilla). Dejamos la aprobaci\u00f3n final para m\u00e1s tarde. Celebramos la Eucarist\u00eda presidida por Franz Stampfli y animada por la Provincia de Catalu\u00f1a.<\/p>\n<p>Despu\u00e9s de nuestra \u00faltima cena al \u201cestilo suizo\u201d (pepino, pescado con salsas y helado de tres sabores, uno de ellos a\u00fan por determinar) y un descanso de 20 minutos para algunos o una breve reuni\u00f3n para otros, volvemos sobre un el documento reelaborado por la comisi\u00f3n. Durante largo rato discutimos la necesidad de crear un foro europeo de reflexi\u00f3n donde se puedan intercambiar experiencias, trabajos, documentos, dificultades, avanzar en algunos temas comunes y enriquecernos todos. No se sabe si es viable o c\u00f3mo hacerlo viable. Angelo Cupini sugiere la creaci\u00f3n de un secretariado que pudiese facilitar estos intercambios y la reflexi\u00f3n y animaci\u00f3n de los trabajos. Comentamos, valoramos alguna propuesta, recolocamos y lo aprobamos, dejando su final redacci\u00f3n a la comisi\u00f3n. Les estamos eternamente agradecidos por su trabajo y paciencia.<\/p>\n<p>Miguel \u00c1ngel nos muestra los materiales presentados por todas las provincias y delegaciones, m\u00e1s algunas fotos, que cada provincia nos llevaremos en un DVD.<\/p>\n","protected":false},"excerpt":{"rendered":"<p>Suiza. Comenzamos el d\u00eda rezando juntos laudes dirigidos por la delegaci\u00f3n italiana. Durante toda la ma\u00f1ana trabajamos por grupos y ponemos en com\u00fan las orientaciones de futuro y ejes transversales de la pastoral de migraciones claretiana europea para el pr\u00f3ximo sexenio. Para el trabajo por grupos, una comisi\u00f3n formada por Miguel Tombilla (Foto ), Pilar [&hellip;]<\/p>\n","protected":false},"author":1,"featured_media":0,"comment_status":"closed","ping_status":"closed","sticky":false,"template":"","format":"standard","meta":{"_et_pb_use_builder":"","_et_pb_old_content":"","_et_gb_content_width":"","footnotes":""},"categories":[261,445],"tags":[],"class_list":["post-59753","post","type-post","status-publish","format-standard","hentry","category-jpic-es","category-solidaridad-y-mision"],"jetpack_featured_media_url":"","jetpack_sharing_enabled":true,"jetpack_shortlink":"https:\/\/wp.me\/pdaBmi-fxL","jetpack_likes_enabled":true,"_links":{"self":[{"href":"https:\/\/www.claret.org\/es\/wp-json\/wp\/v2\/posts\/59753","targetHints":{"allow":["GET"]}}],"collection":[{"href":"https:\/\/www.claret.org\/es\/wp-json\/wp\/v2\/posts"}],"about":[{"href":"https:\/\/www.claret.org\/es\/wp-json\/wp\/v2\/types\/post"}],"author":[{"embeddable":true,"href":"https:\/\/www.claret.org\/es\/wp-json\/wp\/v2\/users\/1"}],"replies":[{"embeddable":true,"href":"https:\/\/www.claret.org\/es\/wp-json\/wp\/v2\/comments?post=59753"}],"version-history":[{"count":0,"href":"https:\/\/www.claret.org\/es\/wp-json\/wp\/v2\/posts\/59753\/revisions"}],"wp:attachment":[{"href":"https:\/\/www.claret.org\/es\/wp-json\/wp\/v2\/media?parent=59753"}],"wp:term":[{"taxonomy":"category","embeddable":true,"href":"https:\/\/www.claret.org\/es\/wp-json\/wp\/v2\/categories?post=59753"},{"taxonomy":"post_tag","embeddable":true,"href":"https:\/\/www.claret.org\/es\/wp-json\/wp\/v2\/tags?post=59753"}],"curies":[{"name":"wp","href":"https:\/\/api.w.org\/{rel}","templated":true}]}}