{"id":59786,"date":"2008-04-16T18:42:32","date_gmt":"2008-04-16T16:42:32","guid":{"rendered":"https:\/\/www.claret.org\/ordenados-de-sacerdote-y-de-diacono\/"},"modified":"2008-04-16T18:42:32","modified_gmt":"2008-04-16T16:42:32","slug":"ordenados-de-sacerdote-y-de-diacono","status":"publish","type":"post","link":"https:\/\/www.claret.org\/es\/ordenados-de-sacerdote-y-de-diacono\/","title":{"rendered":"Ordenados de sacerdote y de di\u00e1cono"},"content":{"rendered":"<p><b>Espa\u00f1a<\/b>. El pasado d\u00eda 6 de Abril, domingo 3\u00ba de Pascua, fueron ordenados de presb\u00edtero y di\u00e1cono respectivamente, Antonio Jes\u00fas P\u00e9rez y Ram\u00f3n Crucera. La ceremonia fue en la Parroquia de Ntra. Sra. de la Paz de Granada y fue oficiada por D. Fernando Sebasti\u00e1n, cmf, Obispo Em\u00e9rito de Pamplona, y concelebrada por m\u00e1s de 45 sacerdotes claretianos.<br \/>\nAdem\u00e1s de familiares, amigos y j\u00f3venes de las comunidades cristianas, nos acompa\u00f1aron miembros de la Familia Claretiana y religiosos de otras congregaciones.<br \/>\nAntonio Jes\u00fas pertenece a la comunidad de M\u00e1laga y trabaja en el Equipo de Formaci\u00f3n de Agentes Laicos (EFAL), y Ram\u00f3n est\u00e1 en la comunidad de Loja formando parte del Equipo de Pastoral Juvenil Vocacional (EPJV).<\/p>\n","protected":false},"excerpt":{"rendered":"<p>Espa\u00f1a. El pasado d\u00eda 6 de Abril, domingo 3\u00ba de Pascua, fueron ordenados de presb\u00edtero y di\u00e1cono respectivamente, Antonio Jes\u00fas P\u00e9rez y Ram\u00f3n Crucera. La ceremonia fue en la Parroquia de Ntra. Sra. de la Paz de Granada y fue oficiada por D. Fernando Sebasti\u00e1n, cmf, Obispo Em\u00e9rito de Pamplona, y concelebrada por m\u00e1s de [&hellip;]<\/p>\n","protected":false},"author":1,"featured_media":0,"comment_status":"closed","ping_status":"closed","sticky":false,"template":"","format":"standard","meta":{"_et_pb_use_builder":"","_et_pb_old_content":"","_et_gb_content_width":"","footnotes":""},"categories":[573,578],"tags":[],"class_list":["post-59786","post","type-post","status-publish","format-standard","hentry","category-ordenaciones","category-profesiones"],"jetpack_featured_media_url":"","jetpack_sharing_enabled":true,"jetpack_shortlink":"https:\/\/wp.me\/pdaBmi-fyi","jetpack_likes_enabled":true,"_links":{"self":[{"href":"https:\/\/www.claret.org\/es\/wp-json\/wp\/v2\/posts\/59786","targetHints":{"allow":["GET"]}}],"collection":[{"href":"https:\/\/www.claret.org\/es\/wp-json\/wp\/v2\/posts"}],"about":[{"href":"https:\/\/www.claret.org\/es\/wp-json\/wp\/v2\/types\/post"}],"author":[{"embeddable":true,"href":"https:\/\/www.claret.org\/es\/wp-json\/wp\/v2\/users\/1"}],"replies":[{"embeddable":true,"href":"https:\/\/www.claret.org\/es\/wp-json\/wp\/v2\/comments?post=59786"}],"version-history":[{"count":0,"href":"https:\/\/www.claret.org\/es\/wp-json\/wp\/v2\/posts\/59786\/revisions"}],"wp:attachment":[{"href":"https:\/\/www.claret.org\/es\/wp-json\/wp\/v2\/media?parent=59786"}],"wp:term":[{"taxonomy":"category","embeddable":true,"href":"https:\/\/www.claret.org\/es\/wp-json\/wp\/v2\/categories?post=59786"},{"taxonomy":"post_tag","embeddable":true,"href":"https:\/\/www.claret.org\/es\/wp-json\/wp\/v2\/tags?post=59786"}],"curies":[{"name":"wp","href":"https:\/\/api.w.org\/{rel}","templated":true}]}}