{"id":59818,"date":"2008-04-15T19:10:25","date_gmt":"2008-04-15T17:10:25","guid":{"rendered":"https:\/\/www.claret.org\/claretianos-de-america-latina-se-reunen-en-mexico-3\/"},"modified":"2008-04-15T19:10:25","modified_gmt":"2008-04-15T17:10:25","slug":"claretianos-de-america-latina-se-reunen-en-mexico-3","status":"publish","type":"post","link":"https:\/\/www.claret.org\/es\/claretianos-de-america-latina-se-reunen-en-mexico-3\/","title":{"rendered":"Claretianos de Am\u00e9rica Latina se reunen en M\u00e9xico-3"},"content":{"rendered":"<p><b>M\u00e9xico<\/b>. Como todas las ma\u00f1anas, dimos gracias a Dios por la vida y el d\u00eda que comenzamos. Hoy estuvo centrada la oraci\u00f3n en el mandamiento del amor y la misericordia a la luz de la realidad de Hait\u00ed, donde es impactante ver la falta de oportunidades del pueblo, el rechazo de quienes tienen el dinero para hacer obras all\u00ed; la extrema pobreza llega situaciones tan detestables que la gente debe comer galletas de barro para mitigar el hambre. \u00a1Oh Se\u00f1or, suscita en nosotros la solidaridad y que no vivamos indiferentes en nuestras comodidades!<br \/>\nLa primera sesi\u00f3n de trabajo estuvo centrada en la revisi\u00f3n del informe de secretar\u00eda ejecutiva donde se expon\u00eda claramente la tarea encomendada y realizada, y las dificultades que impidieron cumplir con algunas directrices. En plenaria se despejaron muchas dudas y se propusieron puntos a tratar para tomar las respectivas decisiones.<br \/>\nLa ma\u00f1ana termin\u00f3 con un efusivo aplauso a la buena labor realizada por el P. Carlos Julio Rozo, secretario ejecutivo, el P. Marco Mendes, vicepresidente y el P. Agust\u00edn Monroy, presidente en este per\u00edodo que culmina.<\/p>\n<p>Al compartir el almuerzo, ya se empezaba por ah\u00ed a susurrar nombres y echar miradas a los posibles misioneros que podr\u00edan prestar su servicio en la animaci\u00f3n de CICLA, eso si, todos se hac\u00edan rogar&#8230; con ciertas sonrisas\u2026<br \/>\nEn la tarde se empezaron a abordar y programar tareas y analizar proyectos. La pastoral vocacional tuvo su espacio privilegiado y se decidieron un encuentro por zona y otro a nivel de CICLA, desde la pedagog\u00eda del acompa\u00f1amiento, los agentes y la misi\u00f3n compartida. Sobre la propuesta de un congreso de espiritualidad claretiana con participaci\u00f3n de los misioneros en formaci\u00f3n y los formadores del continente, aunque la propuesta es buena, se consider\u00f3 no viable en t\u00e9rminos econ\u00f3micos y el ritmo de tiempo de las distintas casas formativas, la propuesta se modific\u00f3 hacia la realizaci\u00f3n de actividades conjuntas, o videoconferencias, o trabajos internos para despu\u00e9s socializarlas en los encuentros de formandos y formadores ya programados por CICLA.<\/p>\n<p>La pastoral educativa tambi\u00e9n cont\u00f3 con su espacio y se vio oportuna la continuaci\u00f3n de los encuentros de claretianos educadores que se vienen realizando con \u00e9xito; el tema propuesto es \u201cLas opciones misioneras de un centro educativo claretiano\u201d y promover alg\u00fan proyecto com\u00fan. Por \u00faltimo se aprovech\u00f3 el tiempo para el compartir e invitar a celebrar los cien a\u00f1os de presencia misionera claretiana en Uruguay este a\u00f1o y el pr\u00f3ximo en Per\u00fa y en Colombia, de tal manera que podamos revivir la memoria y la pasi\u00f3n misionera de nuestros primeros hermanos. Al finalizar esta sesi\u00f3n se entregaron las papeletas del sondeo para elegir a la nueva junta directiva de CICLA.<\/p>\n<p>En todo esto se nos fue el d\u00eda, que se cerr\u00f3 con una Eucarist\u00eda centrada en el ardor misionero de los ap\u00f3stoles y en la centralidad del amor en lo que hacemos.<\/p>\n","protected":false},"excerpt":{"rendered":"<p>M\u00e9xico. Como todas las ma\u00f1anas, dimos gracias a Dios por la vida y el d\u00eda que comenzamos. Hoy estuvo centrada la oraci\u00f3n en el mandamiento del amor y la misericordia a la luz de la realidad de Hait\u00ed, donde es impactante ver la falta de oportunidades del pueblo, el rechazo de quienes tienen el dinero [&hellip;]<\/p>\n","protected":false},"author":1,"featured_media":0,"comment_status":"closed","ping_status":"closed","sticky":false,"template":"","format":"standard","meta":{"_et_pb_use_builder":"","_et_pb_old_content":"","_et_gb_content_width":"","footnotes":""},"categories":[356],"tags":[],"class_list":["post-59818","post","type-post","status-publish","format-standard","hentry","category-micla-es"],"jetpack_featured_media_url":"","jetpack_sharing_enabled":true,"jetpack_shortlink":"https:\/\/wp.me\/pdaBmi-fyO","jetpack_likes_enabled":true,"_links":{"self":[{"href":"https:\/\/www.claret.org\/es\/wp-json\/wp\/v2\/posts\/59818","targetHints":{"allow":["GET"]}}],"collection":[{"href":"https:\/\/www.claret.org\/es\/wp-json\/wp\/v2\/posts"}],"about":[{"href":"https:\/\/www.claret.org\/es\/wp-json\/wp\/v2\/types\/post"}],"author":[{"embeddable":true,"href":"https:\/\/www.claret.org\/es\/wp-json\/wp\/v2\/users\/1"}],"replies":[{"embeddable":true,"href":"https:\/\/www.claret.org\/es\/wp-json\/wp\/v2\/comments?post=59818"}],"version-history":[{"count":0,"href":"https:\/\/www.claret.org\/es\/wp-json\/wp\/v2\/posts\/59818\/revisions"}],"wp:attachment":[{"href":"https:\/\/www.claret.org\/es\/wp-json\/wp\/v2\/media?parent=59818"}],"wp:term":[{"taxonomy":"category","embeddable":true,"href":"https:\/\/www.claret.org\/es\/wp-json\/wp\/v2\/categories?post=59818"},{"taxonomy":"post_tag","embeddable":true,"href":"https:\/\/www.claret.org\/es\/wp-json\/wp\/v2\/tags?post=59818"}],"curies":[{"name":"wp","href":"https:\/\/api.w.org\/{rel}","templated":true}]}}