{"id":59862,"date":"2008-01-16T21:51:04","date_gmt":"2008-01-16T20:51:04","guid":{"rendered":"https:\/\/www.claret.org\/asamblea-de-superiores-mayores-con-el-gobierno-gen-ii\/"},"modified":"2008-01-16T21:51:04","modified_gmt":"2008-01-16T20:51:04","slug":"asamblea-de-superiores-mayores-con-el-gobierno-gen-ii","status":"publish","type":"post","link":"https:\/\/www.claret.org\/es\/asamblea-de-superiores-mayores-con-el-gobierno-gen-ii\/","title":{"rendered":"Asamblea de Superiores Mayores con el Gobierno Gen. &#8211; II &#8211;"},"content":{"rendered":"<p><b>Brasil<\/b>. La jornada comienza, como est\u00e1 previsto en el horario, con la celebraci\u00f3n de laudes y de la eucarist\u00eda. En esta ocasi\u00f3n ha sido preparada por los Superiores de B\u00e9tica, Chile y Argentina-Uruguay, que la preside. En su homil\u00eda, al hilo de las lecturas del d\u00eda, nos anima a tener la confianza de Ana y la fuerza y el coraje de Jes\u00fas en su lucha contra el mal.<\/p>\n<p>Al inicio de la primera sesi\u00f3n de la ma\u00f1ana el P. General anuncia que ha solicitado los servicios de los PP. Agust\u00edn Monroy y Xavier Manavath como moderadores, y que ha encargado a una comisi\u00f3n, compuesta por los PP. Gonzalo Fern\u00e1ndez, Javier Fern\u00e1ndez y Emmanuel Edeh, que haga una s\u00edntesis de los puntos m\u00e1s destacados y las coincidencias en las presentaciones que habr\u00e1n de hacer los grupos. Queda encargado el P. Alejandro Cer\u00f3n, contando con la colaboraci\u00f3n de algunos voluntarios, de organizar algunas sesiones de animaci\u00f3n. El P. Armin Sixt, con puntualidad germ\u00e1nica, avisar\u00e1 del inicio de los actos.<\/p>\n<p>El plato fuerte de la ma\u00f1ana es la reflexi\u00f3n inicial que ofrece el P. General. Comienza su intervenci\u00f3n destacando el objetivo del Encuentro: preparar el pr\u00f3ximo Cap\u00edtulo General y establecer la metodolog\u00eda m\u00e1s adecuada para promover la participaci\u00f3n activa de todos los hermanos en el proceso capitular. Se trata, pues, dice, de identificar los temas fundamentales, los n\u00facleos sobre los que deber\u00e1 discutir el Cap\u00edtulo (no esta asamblea). Presenta, seguidamente, los objetivos que marcan las Constituciones para el Cap\u00edtulo General, e insiste en situar la celebraci\u00f3n del Cap\u00edtulo en el contexto de nuestro mundo, en el momento eclesial actual y en la realidad congregacional. A partir de estas indicaciones, el P. General explica la din\u00e1mica del Encuentro: ante todo la escucha mutua, el di\u00e1logo, el discernimiento y la elecci\u00f3n de la metodolog\u00eda del itinerario precapitular. El texto de esta reflexi\u00f3n se encuentra en la secci\u00f3n \u2026 de esta misma p\u00e1gina.<\/p>\n<p>A partir de un breve descanso, comienza la presentaci\u00f3n por parte de cada uno de los Superiores Mayores de las respuestas a los puntos que el Gobierno General les hab\u00eda enviado previamente: 1. Cu\u00e1les son las dos preocupaciones mayores de su Organismo; 2. Desde la perspectiva de su Organismo, \u00bfcu\u00e1l es la preocupaci\u00f3n principal respecto a la Congregaci\u00f3n? Y 3. En su opini\u00f3n \u00bfcu\u00e1les son los dos principales desaf\u00edos de la Congregaci\u00f3n en estos momentos?<\/p>\n<p>Desfilan ante la Asamblea, por este orden, los Superiores Mayores de ASCLA, Iberia, CICLA, CEC y ACLA seg\u00fan el orden alfab\u00e9tico de su Organismo. Hay que indicar que por razones de visados o de vuelos no han podido llegar todav\u00eda los Superiores Mayores de Afrique Centrale y Bolivia (tampoco el P. Anistus Onioha, traductor).<\/p>\n<p>En las V\u00edsperas, preparadas por los Superiores de Antillas y M\u00e9xico, se ha hecho una presentaci\u00f3n-reflexi\u00f3n sobre la Conferencia del Episcopado Latinoamericano y del Caribe. Y en sesi\u00f3n de noche, con asistencia libre, el P. Cupini, Superior de Italia, nos ha presentado un bello Power Point sobre Claret y los claretianos en Italia.<\/p>\n","protected":false},"excerpt":{"rendered":"<p>Brasil. La jornada comienza, como est\u00e1 previsto en el horario, con la celebraci\u00f3n de laudes y de la eucarist\u00eda. En esta ocasi\u00f3n ha sido preparada por los Superiores de B\u00e9tica, Chile y Argentina-Uruguay, que la preside. En su homil\u00eda, al hilo de las lecturas del d\u00eda, nos anima a tener la confianza de Ana y [&hellip;]<\/p>\n","protected":false},"author":1,"featured_media":0,"comment_status":"closed","ping_status":"closed","sticky":false,"template":"","format":"standard","meta":{"_et_pb_use_builder":"","_et_pb_old_content":"","_et_gb_content_width":"","footnotes":""},"categories":[517],"tags":[],"class_list":["post-59862","post","type-post","status-publish","format-standard","hentry","category-gobierno-general"],"jetpack_featured_media_url":"","jetpack_sharing_enabled":true,"jetpack_shortlink":"https:\/\/wp.me\/pdaBmi-fzw","jetpack_likes_enabled":true,"_links":{"self":[{"href":"https:\/\/www.claret.org\/es\/wp-json\/wp\/v2\/posts\/59862","targetHints":{"allow":["GET"]}}],"collection":[{"href":"https:\/\/www.claret.org\/es\/wp-json\/wp\/v2\/posts"}],"about":[{"href":"https:\/\/www.claret.org\/es\/wp-json\/wp\/v2\/types\/post"}],"author":[{"embeddable":true,"href":"https:\/\/www.claret.org\/es\/wp-json\/wp\/v2\/users\/1"}],"replies":[{"embeddable":true,"href":"https:\/\/www.claret.org\/es\/wp-json\/wp\/v2\/comments?post=59862"}],"version-history":[{"count":0,"href":"https:\/\/www.claret.org\/es\/wp-json\/wp\/v2\/posts\/59862\/revisions"}],"wp:attachment":[{"href":"https:\/\/www.claret.org\/es\/wp-json\/wp\/v2\/media?parent=59862"}],"wp:term":[{"taxonomy":"category","embeddable":true,"href":"https:\/\/www.claret.org\/es\/wp-json\/wp\/v2\/categories?post=59862"},{"taxonomy":"post_tag","embeddable":true,"href":"https:\/\/www.claret.org\/es\/wp-json\/wp\/v2\/tags?post=59862"}],"curies":[{"name":"wp","href":"https:\/\/api.w.org\/{rel}","templated":true}]}}