{"id":59957,"date":"2007-12-03T17:01:59","date_gmt":"2007-12-03T16:01:59","guid":{"rendered":"https:\/\/www.claret.org\/claretianos-y-confer-espana-intensa-colaboracion\/"},"modified":"2007-12-03T17:01:59","modified_gmt":"2007-12-03T16:01:59","slug":"claretianos-y-confer-espana-intensa-colaboracion","status":"publish","type":"post","link":"https:\/\/www.claret.org\/es\/claretianos-y-confer-espana-intensa-colaboracion\/","title":{"rendered":"Claretianos y Confer-Espa\u00f1a: intensa colaboraci\u00f3n"},"content":{"rendered":"<p><b>Espa\u00f1a<\/b>. La vida consagrada espa\u00f1ola ha celebrado a mediados de mes una de sus citas m\u00e1s importantes: la XIV Asamblea General de la Conferencia Espa\u00f1ola de Religiosos y Religiosas (CONFER). Dentro del marco referencial elegido por la Conferencia para el trienio (\u2018Presencias y resonancias de Dios en las periferias y fronteras de la vida\u2019), el lema de este a\u00f1o ha sido: \u201cLa vida religiosa hoy: testigo de la presencia de Dios aqu\u00ed y ahora\u201d.<\/p>\n<p>El encuentro ha reunido a m\u00e1s de cuatrocientas personas -superiores y superioras mayores en su mayor\u00eda- con una abundante y cualificada presencia claretiana. Uno de los ponentes de la jornada central fue Antonio Bellella, Director del Centro de Espiritualidad Claretiana de Vic (CESC) y miembro de la Provincia de Santiago. En un panel dedicado a evocar el caminar de la vida consagrada en las \u00faltimas cuatro d\u00e9cadas, se encarg\u00f3 al P. Bellella el estudio del caso europeo, compartiendo mesa con la te\u00f3loga brasile\u00f1a B\u00e1rbara Bucker; la africana Henrierre Kasomo, Consultora General de la Compa\u00f1\u00eda de Mar\u00eda, y Fr. Jos\u00e9 Narlaly, Superior General de los Trinitarios, de nacionalidad india. La intervenci\u00f3n del P. Bellella fue muy alabada y aplaudida.<\/p>\n<p>Horas antes hab\u00eda intervenido ante la Asamblea el P. Teodoro Bah\u00edllo, claretiano tambi\u00e9n de Santiago y Profesor de Derecho Can\u00f3nico en las Universidades Pontificias Comillas y de Salamanca, que ha asesorado a los \u00f3rganos directivos de CONFER en su reflexi\u00f3n sobre el papel de la Conferencia en este momento de la vida social y eclesial.<\/p>\n<p>En la Asamblea estaban presentes los Superiores Mayores de las Provincias Claretianas de B\u00e9tica, Catalunya y Santiago: Juan Jos\u00e9 Garc\u00eda, Maxim Mu\u00f1oz y Manuel A. Tamargo. Precisamente el Superior Provincial de Santiago fue elegido durante la reuni\u00f3n Vocal de la Junta Directiva Nacional de CONFER. Participaron tambi\u00e9n en la Asamblea las Misioneras de la Instituci\u00f3n Claretiana y las dos provincias de las Misioneras Claretianas y los PP. Carlos Barbarin y \u00c1ngel de la Parte, en representaci\u00f3n de las Juntas Directivas de Confer-Barbastro y Confer-Madrid. Como es tradicional, tambi\u00e9n Publicaciones Claretianas y su director, el P. Fernando Prado, se hicieron presentes en el encuentro.<\/p>\n<p>Durante la Asamblea, la Secretar\u00eda General inform\u00f3 de la puesta en marcha, durante el curso pasado, de dos equipos de reflexi\u00f3n permanente: uno de car\u00e1cter interdisciplinar, del que forma parte el P. Pedro Belderrain, y otro de \u2018escucha y discernimiento\u2019, que tiene como finalidad \u201cla escucha atenta a la novedad de signos que ya se est\u00e1n dando entre nosotros como vida religiosa del futuro\u201d. A este \u00faltimo grupo se ha incorporado el P. Juan Carlos Martos. El P. Juan Carlos y el P. Antonio S\u00e1nchez Orantos son, junto a dos religiosas, los responsables del Taller de la Escuela de formaci\u00f3n de acompa\u00f1antes en Pastoral Juvenil Vocacional que CONFER ofrece durante este curso.<\/p>\n<p>La Asamblea ha permitido visualizar una vez m\u00e1s la intensa participaci\u00f3n de los Misioneros Claretianos en las actividades conjuntas de la vida consagrada espa\u00f1ola. La abundante presencia de los cuadros directivos de CONFER (Nacional y Regional-Centro) en la inauguraci\u00f3n de curso del Instituto Teol\u00f3gico de Vida Religiosa de Madrid fue otro bot\u00f3n de muestra de esa buena relaci\u00f3n, existente tambi\u00e9n en muchas di\u00f3cesis y regiones eclesi\u00e1sticas.<\/p>\n","protected":false},"excerpt":{"rendered":"<p>Espa\u00f1a. La vida consagrada espa\u00f1ola ha celebrado a mediados de mes una de sus citas m\u00e1s importantes: la XIV Asamblea General de la Conferencia Espa\u00f1ola de Religiosos y Religiosas (CONFER). Dentro del marco referencial elegido por la Conferencia para el trienio (\u2018Presencias y resonancias de Dios en las periferias y fronteras de la vida\u2019), el [&hellip;]<\/p>\n","protected":false},"author":1,"featured_media":0,"comment_status":"closed","ping_status":"closed","sticky":false,"template":"","format":"standard","meta":{"_et_pb_use_builder":"","_et_pb_old_content":"","_et_gb_content_width":"","footnotes":""},"categories":[528,417],"tags":[],"class_list":["post-59957","post","type-post","status-publish","format-standard","hentry","category-familia-claretiana","category-vida-consagrada"],"jetpack_featured_media_url":"","jetpack_sharing_enabled":true,"jetpack_shortlink":"https:\/\/wp.me\/pdaBmi-fB3","jetpack_likes_enabled":true,"_links":{"self":[{"href":"https:\/\/www.claret.org\/es\/wp-json\/wp\/v2\/posts\/59957","targetHints":{"allow":["GET"]}}],"collection":[{"href":"https:\/\/www.claret.org\/es\/wp-json\/wp\/v2\/posts"}],"about":[{"href":"https:\/\/www.claret.org\/es\/wp-json\/wp\/v2\/types\/post"}],"author":[{"embeddable":true,"href":"https:\/\/www.claret.org\/es\/wp-json\/wp\/v2\/users\/1"}],"replies":[{"embeddable":true,"href":"https:\/\/www.claret.org\/es\/wp-json\/wp\/v2\/comments?post=59957"}],"version-history":[{"count":0,"href":"https:\/\/www.claret.org\/es\/wp-json\/wp\/v2\/posts\/59957\/revisions"}],"wp:attachment":[{"href":"https:\/\/www.claret.org\/es\/wp-json\/wp\/v2\/media?parent=59957"}],"wp:term":[{"taxonomy":"category","embeddable":true,"href":"https:\/\/www.claret.org\/es\/wp-json\/wp\/v2\/categories?post=59957"},{"taxonomy":"post_tag","embeddable":true,"href":"https:\/\/www.claret.org\/es\/wp-json\/wp\/v2\/tags?post=59957"}],"curies":[{"name":"wp","href":"https:\/\/api.w.org\/{rel}","templated":true}]}}