{"id":59996,"date":"2007-11-05T18:34:45","date_gmt":"2007-11-05T17:34:45","guid":{"rendered":"https:\/\/www.claret.org\/delegacion-indep-de-nigeria-occidental\/"},"modified":"2007-11-05T18:34:45","modified_gmt":"2007-11-05T17:34:45","slug":"delegacion-indep-de-nigeria-occidental","status":"publish","type":"post","link":"https:\/\/www.claret.org\/es\/delegacion-indep-de-nigeria-occidental\/","title":{"rendered":"Delegaci\u00f3n Indep. de Nigeria Occidental"},"content":{"rendered":"<p><b>Nigeria.<\/b> El 24 de octubre, 2007 fue un d\u00eda importante en la historia del nuestra Congregaci\u00f3n particularmente en Nigeria. Adem\u00e1s de celebrar la fiesta de nuestro Padre Fundador inici\u00f3, un nuevo Organismo mayor: la Delegaci\u00f3n Independiente de Nigeria Occidental.<\/p>\n<p>La celebraci\u00f3n empez\u00f3 a las 9 de la ma\u00f1ana con las Laudes de la solemnidad de San Antonio Mar\u00eda Claret en la Iglesia de S. Agust\u00edn, en Ikorodu, (Lagos). Terminadas las Laudes, Su Eminencia el Card. Anthony Okogie puso la primera piedra de la nueva casa de los padres de la parroquia. Sigui\u00f3 la Misa a las 10,45 presidida por el mismo Cardinal. Concelebraron el Presidente de la Conferencia de Obispos de Nigeria, (CBCN) y Arzobispo de Archidi\u00f3cesis de Ibadan, Mons. Felix Alaba Job.<\/p>\n<p>El Vicario General P. Rosendo Urrabazo en representaci\u00f3n del P. General predic\u00f3 en la Misa destacando el testimonio de crecimiento de los Misioneros Claretianos en treinta y cinco de presencia en la Iglesia nigeriana y c\u00f3mo ese crecimiento ha atendido las demandas de misi\u00f3n en Nigeria y en Africa siendo en conjunto una experiencia desafiante. El Superior Mayor recientemente designado, P. Henry Omonisaye, hizo en la Misa la Profesi\u00f3n de fe.<\/p>\n<p>Despu\u00e9s de la Misa hubo actividades tradicionales, varias danzas de distintos grupos culturales de Nigeria.<\/p>\n","protected":false},"excerpt":{"rendered":"<p>Nigeria. El 24 de octubre, 2007 fue un d\u00eda importante en la historia del nuestra Congregaci\u00f3n particularmente en Nigeria. Adem\u00e1s de celebrar la fiesta de nuestro Padre Fundador inici\u00f3, un nuevo Organismo mayor: la Delegaci\u00f3n Independiente de Nigeria Occidental. La celebraci\u00f3n empez\u00f3 a las 9 de la ma\u00f1ana con las Laudes de la solemnidad de [&hellip;]<\/p>\n","protected":false},"author":1,"featured_media":0,"comment_status":"closed","ping_status":"closed","sticky":false,"template":"","format":"standard","meta":{"_et_pb_use_builder":"","_et_pb_old_content":"","_et_gb_content_width":"","footnotes":""},"categories":[189],"tags":[],"class_list":["post-59996","post","type-post","status-publish","format-standard","hentry","category-west-nigeria-es"],"jetpack_featured_media_url":"","jetpack_sharing_enabled":true,"jetpack_shortlink":"https:\/\/wp.me\/pdaBmi-fBG","jetpack_likes_enabled":true,"_links":{"self":[{"href":"https:\/\/www.claret.org\/es\/wp-json\/wp\/v2\/posts\/59996","targetHints":{"allow":["GET"]}}],"collection":[{"href":"https:\/\/www.claret.org\/es\/wp-json\/wp\/v2\/posts"}],"about":[{"href":"https:\/\/www.claret.org\/es\/wp-json\/wp\/v2\/types\/post"}],"author":[{"embeddable":true,"href":"https:\/\/www.claret.org\/es\/wp-json\/wp\/v2\/users\/1"}],"replies":[{"embeddable":true,"href":"https:\/\/www.claret.org\/es\/wp-json\/wp\/v2\/comments?post=59996"}],"version-history":[{"count":0,"href":"https:\/\/www.claret.org\/es\/wp-json\/wp\/v2\/posts\/59996\/revisions"}],"wp:attachment":[{"href":"https:\/\/www.claret.org\/es\/wp-json\/wp\/v2\/media?parent=59996"}],"wp:term":[{"taxonomy":"category","embeddable":true,"href":"https:\/\/www.claret.org\/es\/wp-json\/wp\/v2\/categories?post=59996"},{"taxonomy":"post_tag","embeddable":true,"href":"https:\/\/www.claret.org\/es\/wp-json\/wp\/v2\/tags?post=59996"}],"curies":[{"name":"wp","href":"https:\/\/api.w.org\/{rel}","templated":true}]}}