{"id":60029,"date":"2007-10-19T19:27:17","date_gmt":"2007-10-19T17:27:17","guid":{"rendered":"https:\/\/www.claret.org\/primera-experiencia-de-la-fragua-en-ingles\/"},"modified":"2007-10-19T19:27:17","modified_gmt":"2007-10-19T17:27:17","slug":"primera-experiencia-de-la-fragua-en-ingles","status":"publish","type":"post","link":"https:\/\/www.claret.org\/es\/primera-experiencia-de-la-fragua-en-ingles\/","title":{"rendered":"Primera experiencia de la Fragua en ingl\u00e9s"},"content":{"rendered":"<p>India Con el objetivo de renovar nuestra identidad carism\u00e1tica, el Prefecto General de Espiritualidad, P. Gonzalo Fern\u00e1ndez, invit\u00f3 a los organismos de habla inglesa a organizar \u00abLa Fragua\u00bb.Como respuesta a esta llamada, se reunieron en Claret Nivas, Bangalore, durante dos meses (en lugar de los 4 habituales), julio y agosto, 18 claretianos de 6 organismos (6 de Bangalore, 4 de Chennai, 2 de Santo Tom\u00e1s, 3 de Noreste de la India, 2 de Nigeria y 1 de Sri Lanka).<\/p>\n<p>El P. S. Jesu Doss, miembro del equipo CESC de Vic, fue el animador de esta primera Fragua.  La presencia al inicio de los superiores mayores anim\u00f3 a los participantes en la experiencia Fragua: el 1 de julio presidi\u00f3 la Eucarist\u00eda el provincial de Santo Tom\u00e1s, P. Augustine Mundiath; acabada la Misa, el provincial de Bangalore, P. Xavier Manavath, nos habl\u00f3 sobre la importancia de esta experiencia en la formaci\u00f3n permanente. Durante estos dos meses los participantes participaron activamente en los dinamismos propios de las cuatro etapas del: Quid Prodest, Patris Mei, Caritas Christi y Spiritus Domini. Las din\u00e1micas de los primeros d\u00edas, centradas en el Quid prodest, les ayudaron a conocerse y les animaron a comprometerse en las etapas siguientes. La pr\u00e1ctica diaria de la Lectio Divina contribuy\u00f3 a afirmar la identidad Claretiana de cara a la Palabra de Dios. Los diez d\u00edas de Ejercicios Espirituales, en el monasterio benedictino de Kengeri, revitalizaron la experiencia de Dios y la vocaci\u00f3n misionera. Los dinamismos de la tercera etapa, Caritas Christi, con sus aspectos congregacionales, ayudaron a darse cuenta y profundizar vivencialmente los consejos evang\u00e9licos y la vida comunitaria.<\/p>\n<p>La \u00faltima etapa, Spiritus Domini, estuvo muy centrada en nuestra vocaci\u00f3n especial como Servidores de la Palabra de Dios. El proceso de personalizaci\u00f3n a lo largo de estas cuatro etapas ha servido para escribir los proyectos personales, que ayuden a mantener el fuego de la Fragua en la vida misionera diaria. El 31 de Agosto terminamos esa experiencia de reiniciaci\u00f3n en nuestra identidad claretiana con una Eucarist\u00eda de acci\u00f3n de gracias.<\/p>\n","protected":false},"excerpt":{"rendered":"<p>India Con el objetivo de renovar nuestra identidad carism\u00e1tica, el Prefecto General de Espiritualidad, P. Gonzalo Fern\u00e1ndez, invit\u00f3 a los organismos de habla inglesa a organizar \u00abLa Fragua\u00bb.Como respuesta a esta llamada, se reunieron en Claret Nivas, Bangalore, durante dos meses (en lugar de los 4 habituales), julio y agosto, 18 claretianos de 6 organismos [&hellip;]<\/p>\n","protected":false},"author":1,"featured_media":0,"comment_status":"closed","ping_status":"closed","sticky":false,"template":"","format":"standard","meta":{"_et_pb_use_builder":"","_et_pb_old_content":"","_et_gb_content_width":"","footnotes":""},"categories":[618],"tags":[],"class_list":["post-60029","post","type-post","status-publish","format-standard","hentry","category-la-fragua"],"jetpack_featured_media_url":"","jetpack_sharing_enabled":true,"jetpack_shortlink":"https:\/\/wp.me\/pdaBmi-fCd","jetpack_likes_enabled":true,"_links":{"self":[{"href":"https:\/\/www.claret.org\/es\/wp-json\/wp\/v2\/posts\/60029","targetHints":{"allow":["GET"]}}],"collection":[{"href":"https:\/\/www.claret.org\/es\/wp-json\/wp\/v2\/posts"}],"about":[{"href":"https:\/\/www.claret.org\/es\/wp-json\/wp\/v2\/types\/post"}],"author":[{"embeddable":true,"href":"https:\/\/www.claret.org\/es\/wp-json\/wp\/v2\/users\/1"}],"replies":[{"embeddable":true,"href":"https:\/\/www.claret.org\/es\/wp-json\/wp\/v2\/comments?post=60029"}],"version-history":[{"count":0,"href":"https:\/\/www.claret.org\/es\/wp-json\/wp\/v2\/posts\/60029\/revisions"}],"wp:attachment":[{"href":"https:\/\/www.claret.org\/es\/wp-json\/wp\/v2\/media?parent=60029"}],"wp:term":[{"taxonomy":"category","embeddable":true,"href":"https:\/\/www.claret.org\/es\/wp-json\/wp\/v2\/categories?post=60029"},{"taxonomy":"post_tag","embeddable":true,"href":"https:\/\/www.claret.org\/es\/wp-json\/wp\/v2\/tags?post=60029"}],"curies":[{"name":"wp","href":"https:\/\/api.w.org\/{rel}","templated":true}]}}