{"id":62015,"date":"2019-07-30T22:25:25","date_gmt":"2019-07-30T20:25:25","guid":{"rendered":"https:\/\/www.claret.org\/encuentro-anual-de-los-formadores-de-ecla\/"},"modified":"2019-07-30T22:25:25","modified_gmt":"2019-07-30T20:25:25","slug":"encuentro-anual-de-los-formadores-de-ecla","status":"publish","type":"post","link":"https:\/\/www.claret.org\/es\/encuentro-anual-de-los-formadores-de-ecla\/","title":{"rendered":"Encuentro anual de los Formadores de ECLA"},"content":{"rendered":"<p><strong>Toulouse, Francia.<\/strong> Los Prefectos de Formaci\u00f3n y los Formadores de ECLA se reunieron en Toulouse, del 26 al 30 de julio de 2019, para su encuentro anual. Estuvieron presentes los Formadores y Prefectos de la Delegaci\u00f3n de Francia y de las Provincias de Santiago, F\u00e1tima, Deutsch\u00f1and y Catalunya, nueve en total. Ana Arrieta fue la persona facilitadora que les ayud\u00f3 a centrarse y reflexionar sobre el tema de las adicciones en el entorno de la formaci\u00f3n.<\/p>\n<p>Adem\u00e1s del trabajo que realizaron, tambi\u00e9n tuvieron tiempo para compartir momentos fraternos, visitaron las instalaciones de Airbus y los sitios hist\u00f3ricos de la ciudad de Toulouse. Asimismo evaluaron las actividades de 2018-2019 y planificaron lo que se refiere a 2019-2020. La siguiente reuni\u00f3n ser\u00e1 en Santiago el pr\u00f3ximo a\u00f1o.<\/p>\n","protected":false},"excerpt":{"rendered":"<p>Toulouse, Francia. Los Prefectos de Formaci\u00f3n y los Formadores de ECLA se reunieron en Toulouse, del 26 al 30 de julio de 2019, para su encuentro anual. Estuvieron presentes los Formadores y Prefectos de la Delegaci\u00f3n de Francia y de las Provincias de Santiago, F\u00e1tima, Deutsch\u00f1and y Catalunya, nueve en total. Ana Arrieta fue la [&hellip;]<\/p>\n","protected":false},"author":2,"featured_media":61961,"comment_status":"closed","ping_status":"closed","sticky":false,"template":"","format":"standard","meta":{"_et_pb_use_builder":"","_et_pb_old_content":"","_et_gb_content_width":"","footnotes":""},"categories":[281,500],"tags":[],"class_list":["post-62015","post","type-post","status-publish","format-standard","has-post-thumbnail","hentry","category-ecla-es","category-formacion"],"jetpack_featured_media_url":"https:\/\/i0.wp.com\/www.claret.org\/wp-content\/uploads\/2019\/09\/ECLA-20190729-Formators-Meeting.jpg?fit=1599%2C1200&ssl=1","jetpack_sharing_enabled":true,"jetpack_shortlink":"https:\/\/wp.me\/pdaBmi-g8f","jetpack_likes_enabled":true,"_links":{"self":[{"href":"https:\/\/www.claret.org\/es\/wp-json\/wp\/v2\/posts\/62015","targetHints":{"allow":["GET"]}}],"collection":[{"href":"https:\/\/www.claret.org\/es\/wp-json\/wp\/v2\/posts"}],"about":[{"href":"https:\/\/www.claret.org\/es\/wp-json\/wp\/v2\/types\/post"}],"author":[{"embeddable":true,"href":"https:\/\/www.claret.org\/es\/wp-json\/wp\/v2\/users\/2"}],"replies":[{"embeddable":true,"href":"https:\/\/www.claret.org\/es\/wp-json\/wp\/v2\/comments?post=62015"}],"version-history":[{"count":0,"href":"https:\/\/www.claret.org\/es\/wp-json\/wp\/v2\/posts\/62015\/revisions"}],"wp:featuredmedia":[{"embeddable":true,"href":"https:\/\/www.claret.org\/es\/wp-json\/wp\/v2\/media\/61961"}],"wp:attachment":[{"href":"https:\/\/www.claret.org\/es\/wp-json\/wp\/v2\/media?parent=62015"}],"wp:term":[{"taxonomy":"category","embeddable":true,"href":"https:\/\/www.claret.org\/es\/wp-json\/wp\/v2\/categories?post=62015"},{"taxonomy":"post_tag","embeddable":true,"href":"https:\/\/www.claret.org\/es\/wp-json\/wp\/v2\/tags?post=62015"}],"curies":[{"name":"wp","href":"https:\/\/api.w.org\/{rel}","templated":true}]}}