{"id":65732,"date":"2019-10-25T19:31:01","date_gmt":"2019-10-25T17:31:01","guid":{"rendered":"https:\/\/www.claret.org\/ereccion-canonica-de-la-delegacion-independiente-de-st-joseph-vaz-en-el-149o-aniversario-de-la-muerte-de-san-antonio-maria-claret\/"},"modified":"2019-10-25T19:31:01","modified_gmt":"2019-10-25T17:31:01","slug":"ereccion-canonica-de-la-delegacion-independiente-de-st-joseph-vaz-en-el-149o-aniversario-de-la-muerte-de-san-antonio-maria-claret","status":"publish","type":"post","link":"https:\/\/www.claret.org\/es\/ereccion-canonica-de-la-delegacion-independiente-de-st-joseph-vaz-en-el-149o-aniversario-de-la-muerte-de-san-antonio-maria-claret\/","title":{"rendered":"Erecci\u00f3n can\u00f3nica de la Delegaci\u00f3n Independiente de St. Joseph Vaz en el 149\u00ba aniversario de la muerte de San Antonio Mar\u00eda Claret"},"content":{"rendered":"<p><strong>Negombo, Sri Lanka.<\/strong> La Misa de inauguraci\u00f3n y la ceremonia para la erecci\u00f3n can\u00f3nica de la Delegaci\u00f3n Independiente de St. Joseph Vaz se llev\u00f3 a cabo el 24 de octubre de 2019, Solemnidad de San Antonio Mar\u00eda Claret, en el Seminario de St. Claret, Kattuwa, Negombo. El Consultor General, P. Henry Omonisaye, CMF, presidi\u00f3 la Misa durante la cual se ley\u00f3 el  <a href=\"https:\/\/www.claret.org\/st-joseph-vaz-independent-delegation-a-new-claretian-organism-to-be-erected-on-october-24-2019\/\">Decreto de Erecci\u00f3n Can\u00f3nica<\/a>. Luego, los miembros del nuevo Gobierno de Delegaci\u00f3n fueron presentados oficialmente al Organismo Mayor. Todos los miembros de la Delegaci\u00f3n Independiente reci\u00e9n constituida se levantaron de sus asientos y dieron un aplauso como un gesto de aceptaci\u00f3n y garant\u00eda de su cooperaci\u00f3n.<\/p>\n<p>La presencia del P. Callistus Joseph, CMF, Superior Provincial de la Provincia de Deutschland, del P. Soosaimanikkam, CMF, Vicario y Prefecto de Apostolado de la Provincia de Chennai, del P. Cyriac Njayarkulam, CMF, misionero claretiano que sirvi\u00f3 en Sri Lanka durante 23 largos a\u00f1os &#8211; principalmente en el papel de animaci\u00f3n -, del P. Joy Mariaratnam, CMF, primer Superior Delegado de la Delegaci\u00f3n Dependiente de Sri Lanka (2012), del P. Rohan Dominic, CMF, ex Superior Delegado, y de las Hermanas Claretianas (tanto RMI como MC) honraron la ocasi\u00f3n.<\/p>\n<p>Despu\u00e9s de la Misa, hubo una ceremonia de felicitaci\u00f3n durante la cual los miembros salientes del Consejo (los PP. Rex Constantine, Royestan Jerajh y S. Nirmalan, CMFF) recibieron el aprecio y agradecimiento de los miembros de la Delegaci\u00f3n y de otros presentes. El nuevo Consejo recibi\u00f3 los deseos y oraciones de los mismos.<\/p>\n<p>Por la tarde, se realiz\u00f3 una Mini-Asamblea del nuevo Organismo Mayor. Durante este momento, el nuevo Superior Mayor present\u00f3 algunas indicaciones sobre la visi\u00f3n de su Consejo para el nuevo Organismo. Tambi\u00e9n anunci\u00f3 los nombres de los Prefectos y de otras personas que prestar\u00e1n diversos servicios al Consejo de Delegaci\u00f3n.<\/p>\n<p style=\"text-align: center;\"><strong>Superior Mayor, Prefecto de Formaci\u00f3n<\/strong> &#8211; <strong><em>P.<\/em><\/strong><strong><em> Joseph Jeyaseelan, CMF<\/em><\/strong><\/p>\n<p style=\"text-align: center;\"><strong>Vicario, Consultor, Prefecto de Apostolado<\/strong> &#8211; <strong><em>P. Milfer Vaz, CMF<\/em><\/strong><\/p>\n<p style=\"text-align: center;\"><strong>Consultor, Prefecto de Econom\u00eda<\/strong> &#8211;<strong><em> P. Satheesh Saverimuthu, CMF<\/em><\/strong><\/p>\n<p style=\"text-align: center;\"><strong>Prefecto de Espiritualidad<\/strong> &#8211;<em> <strong>P. Maria Arul, CMF<\/strong><\/em><\/p>\n<p style=\"text-align: center;\"><strong>Secretario<\/strong> &#8211; <em><strong>P. Royestan Jerajh, CMF<\/strong><\/em><\/p>\n<p>&nbsp;<\/p>\n<p>[envira-gallery id=\u00bb65617&#8243;]<\/p>\n","protected":false},"excerpt":{"rendered":"<p>Negombo, Sri Lanka. La Misa de inauguraci\u00f3n y la ceremonia para la erecci\u00f3n can\u00f3nica de la Delegaci\u00f3n Independiente de St. Joseph Vaz se llev\u00f3 a cabo el 24 de octubre de 2019, Solemnidad de San Antonio Mar\u00eda Claret, en el Seminario de St. Claret, Kattuwa, Negombo. El Consultor General, P. Henry Omonisaye, CMF, presidi\u00f3 la [&hellip;]<\/p>\n","protected":false},"author":2,"featured_media":65623,"comment_status":"closed","ping_status":"closed","sticky":false,"template":"","format":"standard","meta":{"_et_pb_use_builder":"","_et_pb_old_content":"","_et_gb_content_width":"","footnotes":""},"categories":[246],"tags":[],"class_list":["post-65732","post","type-post","status-publish","format-standard","has-post-thumbnail","hentry","category-st-joseph-vaz-es"],"jetpack_featured_media_url":"https:\/\/i0.wp.com\/www.claret.org\/wp-content\/uploads\/2019\/10\/SV-20191024-Assembly-and-Canonical-Errection-1.jpg?fit=1836%2C1377&ssl=1","jetpack_sharing_enabled":true,"jetpack_shortlink":"https:\/\/wp.me\/pdaBmi-h6c","jetpack_likes_enabled":true,"_links":{"self":[{"href":"https:\/\/www.claret.org\/es\/wp-json\/wp\/v2\/posts\/65732","targetHints":{"allow":["GET"]}}],"collection":[{"href":"https:\/\/www.claret.org\/es\/wp-json\/wp\/v2\/posts"}],"about":[{"href":"https:\/\/www.claret.org\/es\/wp-json\/wp\/v2\/types\/post"}],"author":[{"embeddable":true,"href":"https:\/\/www.claret.org\/es\/wp-json\/wp\/v2\/users\/2"}],"replies":[{"embeddable":true,"href":"https:\/\/www.claret.org\/es\/wp-json\/wp\/v2\/comments?post=65732"}],"version-history":[{"count":0,"href":"https:\/\/www.claret.org\/es\/wp-json\/wp\/v2\/posts\/65732\/revisions"}],"wp:featuredmedia":[{"embeddable":true,"href":"https:\/\/www.claret.org\/es\/wp-json\/wp\/v2\/media\/65623"}],"wp:attachment":[{"href":"https:\/\/www.claret.org\/es\/wp-json\/wp\/v2\/media?parent=65732"}],"wp:term":[{"taxonomy":"category","embeddable":true,"href":"https:\/\/www.claret.org\/es\/wp-json\/wp\/v2\/categories?post=65732"},{"taxonomy":"post_tag","embeddable":true,"href":"https:\/\/www.claret.org\/es\/wp-json\/wp\/v2\/tags?post=65732"}],"curies":[{"name":"wp","href":"https:\/\/api.w.org\/{rel}","templated":true}]}}