{"id":66897,"date":"2019-11-12T10:20:07","date_gmt":"2019-11-12T09:20:07","guid":{"rendered":"https:\/\/www.claret.org\/claret-nivas-celebra-25-anos-formando-misioneros\/"},"modified":"2019-11-12T10:20:07","modified_gmt":"2019-11-12T09:20:07","slug":"claret-nivas-celebra-25-anos-formando-misioneros","status":"publish","type":"post","link":"https:\/\/www.claret.org\/es\/claret-nivas-celebra-25-anos-formando-misioneros\/","title":{"rendered":"Claret Nivas celebra 25 a\u00f1os formando misioneros"},"content":{"rendered":"<p><strong>Kandy, Sri Lanka. <\/strong>El 6 de noviembre de 2019, los Misioneros Claretianos en Sri Lanka celebraron el 25 aniversario de Claret Nivas, la comunidad de formaci\u00f3n en Kandy. La conmemoraci\u00f3n comenz\u00f3 con una solemne celebraci\u00f3n eucar\u00edstica, presidida con gracia por el P. Jeyaseelan, CMF, el reci\u00e9n nombrado Superior Mayor de la Delegaci\u00f3n Independiente de St. Joseph Vaz. El tema de toda la conmemoraci\u00f3n fue: \u00ab<em>Celebrando con alegr\u00eda y gratitud<\/em>\u00ab. Un buen n\u00famero de misioneros claretianos que pasaron por la casa de formaci\u00f3n asisti\u00f3 a la celebraci\u00f3n. Varios religiosos sacerdotes, hermanas y estudiantes del \u00e1rea de Kandy, y sacerdotes diocesanos, incluido el Rector del Seminario Nacional de Nuestra Se\u00f1ora de Lanka, aceptaron la invitaci\u00f3n y se unieron a la celebraci\u00f3n. Toda la conmemoraci\u00f3n culmin\u00f3 con un grato programa en el que todos disfrutaron de la cena y del encuentro.<\/p>\n<p>Despu\u00e9s, la Familia Claretiana se reuni\u00f3 para celebrar como comunidad local &#8211; cantando, bailando, compartiendo -. Fue un momento alegre y se\u00f1alado para todos poder conmemorar y celebrar las bendiciones de Dios derramadas sobre la comunidad de Claret Nivas, ya que continuamente, desde hace 25 a\u00f1os, forma a los estudiantes para ser misioneros claretianos animosos y bien equipados.<\/p>\n<p>Tras la formaci\u00f3n inicial, algunos misioneros claretianos que pasaron por esta casa forman parte de la misi\u00f3n universal de la Congregaci\u00f3n, tanto en \u00c1frica como en Am\u00e9rica. En la actualidad, la comunidad consta de miembros de ocho pa\u00edses.<\/p>\n<p>&nbsp;<\/p>\n<p>[envira-gallery id=\u00bb66869\u00bb]<\/p>\n","protected":false},"excerpt":{"rendered":"<p>Kandy, Sri Lanka. El 6 de noviembre de 2019, los Misioneros Claretianos en Sri Lanka celebraron el 25 aniversario de Claret Nivas, la comunidad de formaci\u00f3n en Kandy. La conmemoraci\u00f3n comenz\u00f3 con una solemne celebraci\u00f3n eucar\u00edstica, presidida con gracia por el P. Jeyaseelan, CMF, el reci\u00e9n nombrado Superior Mayor de la Delegaci\u00f3n Independiente de St. [&hellip;]<\/p>\n","protected":false},"author":2,"featured_media":66875,"comment_status":"closed","ping_status":"closed","sticky":false,"template":"","format":"standard","meta":{"_et_pb_use_builder":"","_et_pb_old_content":"","_et_gb_content_width":"","footnotes":""},"categories":[541,246],"tags":[],"class_list":["post-66897","post","type-post","status-publish","format-standard","has-post-thumbnail","hentry","category-aniversarios","category-st-joseph-vaz-es"],"jetpack_featured_media_url":"https:\/\/i0.wp.com\/www.claret.org\/wp-content\/uploads\/2019\/11\/SJ-20191106-25th-Claret-Nivas-Kandy-1.jpg?fit=3648%2C2432&ssl=1","jetpack_sharing_enabled":true,"jetpack_shortlink":"https:\/\/wp.me\/pdaBmi-hoZ","jetpack_likes_enabled":true,"_links":{"self":[{"href":"https:\/\/www.claret.org\/es\/wp-json\/wp\/v2\/posts\/66897","targetHints":{"allow":["GET"]}}],"collection":[{"href":"https:\/\/www.claret.org\/es\/wp-json\/wp\/v2\/posts"}],"about":[{"href":"https:\/\/www.claret.org\/es\/wp-json\/wp\/v2\/types\/post"}],"author":[{"embeddable":true,"href":"https:\/\/www.claret.org\/es\/wp-json\/wp\/v2\/users\/2"}],"replies":[{"embeddable":true,"href":"https:\/\/www.claret.org\/es\/wp-json\/wp\/v2\/comments?post=66897"}],"version-history":[{"count":0,"href":"https:\/\/www.claret.org\/es\/wp-json\/wp\/v2\/posts\/66897\/revisions"}],"wp:featuredmedia":[{"embeddable":true,"href":"https:\/\/www.claret.org\/es\/wp-json\/wp\/v2\/media\/66875"}],"wp:attachment":[{"href":"https:\/\/www.claret.org\/es\/wp-json\/wp\/v2\/media?parent=66897"}],"wp:term":[{"taxonomy":"category","embeddable":true,"href":"https:\/\/www.claret.org\/es\/wp-json\/wp\/v2\/categories?post=66897"},{"taxonomy":"post_tag","embeddable":true,"href":"https:\/\/www.claret.org\/es\/wp-json\/wp\/v2\/tags?post=66897"}],"curies":[{"name":"wp","href":"https:\/\/api.w.org\/{rel}","templated":true}]}}