{"id":72491,"date":"2020-01-21T06:52:23","date_gmt":"2020-01-21T05:52:23","guid":{"rendered":"https:\/\/www.claret.org\/mensaje-final-del-padre-general-durante-el-encuentro-del-gobierno-general-y-los-superiores-mayores-en-chile\/"},"modified":"2020-01-22T10:58:20","modified_gmt":"2020-01-22T09:58:20","slug":"mensaje-final-del-padre-general-durante-el-encuentro-del-gobierno-general-y-los-superiores-mayores-en-chile","status":"publish","type":"post","link":"https:\/\/www.claret.org\/es\/mensaje-final-del-padre-general-durante-el-encuentro-del-gobierno-general-y-los-superiores-mayores-en-chile\/","title":{"rendered":"Mensaje Final del Padre General durante el Encuentro del Gobierno General y los Superiores Mayores en Chile"},"content":{"rendered":"<p>Queridos hermanos:<\/p>\n<p>Hemos realizado juntos este itinerario durante esta pasada semana explorando, en un contexto de oraci\u00f3n, reflexi\u00f3n y di\u00e1logo fraterno, c\u00f3mo preparar el pr\u00f3ximo XXVI Cap\u00edtulo General que se celebrar\u00e1 en 2021. Hemos utilizado el enfoque de la indagaci\u00f3n apreciativa y las conversaciones honestas en grupos para recoger los frutos de este encuentro.<\/p>\n<p>Al fijar nuestra mirada en el futuro, comenzamos desde donde nos encontramos en t\u00e9rminos de nuestra vida y misi\u00f3n. Hemos nombrado algunas de nuestras dolencias individuales y comunitarias que minan nuestra energ\u00eda apost\u00f3lica y que nos afligen cuando no estamos enraizados en nuestro carisma, y nos distraemos de lo que es esencial e importante para nuestra vida y misi\u00f3n com\u00fan. Hemos hecho un discernimiento conjunto de la llamada de Dios a nosotros en el mundo de hoy. Hemos escuchado el clamor de la gente en las diversas periferias de la vida humana, as\u00ed como nuestro propio grito interior de autenticidad y coherencia en la vida misionera. Hemos so\u00f1ado juntos el sue\u00f1o de Dios con nosotros, los misioneros claretianos de nuestro tiempo. No hay mejor sue\u00f1o para un misionero claretiano que el que el Padre Claret so\u00f1\u00f3 para nosotros en la definici\u00f3n de un misionero. Y nosotros articulamos ese sue\u00f1o desde la realidad de nuestro tiempo.<\/p>\n<p>Despu\u00e9s de esta exploraci\u00f3n preliminar que hemos realizado conjuntamente, nos hemos centrado en lo que dicen nuestras Constituciones sobre el Cap\u00edtulo General y hemos asumido nuestra responsabilidad compartida de poner a toda nuestra Congregaci\u00f3n en un camino com\u00fan de preparaci\u00f3n para el pr\u00f3ximo Cap\u00edtulo General que se celebrar\u00e1 en agosto-septiembre de 2021. Hemos trazado un itinerario realista hacia el Cap\u00edtulo General que involucre no s\u00f3lo a los misioneros claretianos, sino tambi\u00e9n a la Familia Claretiana y a nuestros colaboradores. En la etapa preparatoria, es importante escuchar tambi\u00e9n las voces de las personas que pueden ofrecer puntos de vista sobre nuestro env\u00edo a la misi\u00f3n y que nos ayuden a ver las cosas tambi\u00e9n desde perspectivas que no conocemos. Todos nosotros, el Gobierno General y los Superiores Mayores, tenemos una seria tarea que hacer en nuestros lugares con los frutos de este encuentro. Lo primero que hay que hacer es concienciar a los propios Consejos de Gobierno, y con vuestra creatividad, sobre este encuentro.<\/p>\n<p>Como resumen, me gustar\u00eda compartir con vosotros algunos puntos para llevar a nuestras casas.<\/p>\n<ol>\n<li><strong>El enfoque de abajo hacia arriba<\/strong>: El Cap\u00edtulo no es algo que tenga lugar lejos, en Roma, en el a\u00f1o 2021, en el que vosotros y\/u otros representantes participar\u00e1n para elegir el Gobierno General y regresar con un documento capitular. Es un evento de la Congregaci\u00f3n en el que vosotros quer\u00e9is que todos vuestros Organismos Mayores se sientan parte y contribuyan creativamente a \u00e9l. As\u00ed, el Cap\u00edtulo tendr\u00e1 el olor de las ovejas, el toque de las verdaderas preocupaciones relacionadas con nuestra vida y misi\u00f3n en la base.<\/li>\n<li><strong>Un enfoque experiencial y narrativo<\/strong>: La necesidad de nuestro tiempo es m\u00e1s una necesidad de testigos y santos que de ide\u00f3logos e idealistas. Nuestro modo de preparar y celebrar el Cap\u00edtulo debe ser un testimonio de nuestra vida y misi\u00f3n en la Iglesia. Esto exige un enfoque de la entera persona que comprometa todas las facultades de la persona del misionero claretiano en lugar de limitarse principalmente a conceptos y pensamientos. El enfoque narrativo t\u00edpico de la proclamaci\u00f3n del kerigma evang\u00e9lico ser\u00eda \u00fatil para caminar como comunidad congregacional que celebra el Cap\u00edtulo.<\/li>\n<li><strong>Un acontecimiento sinodal<\/strong>: El Cap\u00edtulo es un evento de discernimiento colectivo en el que todos los miembros participan responsablemente en cada fase seg\u00fan sus respectivos roles. El papel de las comunidades locales y de las diferentes plataformas apost\u00f3licas es muy crucial durante la etapa preparatoria.<\/li>\n<li><strong>Conciencia del carisma<\/strong>: Aprovechando las diferentes conmemoraciones (150 a\u00f1os de presencia claretiana en Am\u00e9rica, 150\u00ba aniversario de la Pascua del Padre Claret), la preparaci\u00f3n y celebraci\u00f3n del Cap\u00edtulo debe ser un crecimiento colectivo en la conciencia de nuestra herencia carism\u00e1tica. As\u00ed el amor a nuestro carisma cualificar\u00e1 nuestra preparaci\u00f3n y celebraci\u00f3n del Cap\u00edtulo que, a su vez, nos ayudar\u00e1 a amar m\u00e1s nuestra vida y misi\u00f3n.<\/li>\n<li><strong>Conciencia de misi\u00f3n<\/strong>: Nuestra raz\u00f3n de ser en la Iglesia es la <em>Missio Dei<\/em>. En el pasado reciente ha habido serias reflexiones sobre la misi\u00f3n de la Iglesia para promover una era de Nueva Evangelizaci\u00f3n en el mundo. Nuestra preparaci\u00f3n del Cap\u00edtulo deber\u00eda ser una ocasi\u00f3n para profundizar en el sentido de la finalidad de la Congregaci\u00f3n, y para sintonizar todas nuestras actividades con el \u00abpor qu\u00e9\u00bb de nuestra existencia en cada contexto.<\/li>\n<li><strong>Obra del Esp\u00edritu<\/strong>: En cada etapa del Cap\u00edtulo, debemos tener presente que somos colaboradores y co-creadores con el Esp\u00edritu Santo que gu\u00eda a la Iglesia y a la Congregaci\u00f3n en la historia. Nunca sustituiremos la centralidad y la creatividad del Esp\u00edritu Santo en el proceso del Cap\u00edtulo co nuestras maniobras humanas y t\u00e9cnicas. Nuestro Fundador conoc\u00eda muy bien este arte. Es en la oraci\u00f3n y la adoraci\u00f3n donde nos sintonizamos con el Esp\u00edritu de Cristo. Deber\u00edamos poder decir del proceso del Cap\u00edtulo que \u00abel Esp\u00edritu Santo y nosotros\u00bb lo hemos hecho como San Lucas narra la actitud de la Iglesia primitiva (Hechos 15).<\/li>\n<\/ol>\n<p>En la etapa de preparaci\u00f3n del Cap\u00edtulo General, una imagen que me viene a la mente es la forma en la que un core\u00f3grafo prepara a su grupo mediante un doble movimiento. \u00c9l mismo act\u00faa como parte del grupo para sincronizar los movimientos de los actores de acuerdo con la m\u00fasica estando dentro del grupo y, ocasionalmente, se mueve para tener una visi\u00f3n lejana. Necesitamos mirar c\u00f3mo vivimos y llevamos a cabo la misi\u00f3n con conciencia y, ocasionalmente, movernos para explorar c\u00f3mo nuestra vida y misi\u00f3n se presentan a los dem\u00e1s.<\/p>\n<p>Una met\u00e1fora apropiada para nuestro trabajo es la de una orquesta en la que el director y cientos de artistas re\u00fanen sus mejores talentos para presentar una sinfon\u00eda ante el mundo. Guiados por el Esp\u00edritu de Cristo, debemos poner en com\u00fan todos nuestros talentos y dones, y tocar la m\u00fasica de nuestro carisma, una narraci\u00f3n del amor de Dios por el mundo, regalado a la Iglesia a trav\u00e9s de nuestro Fundador San Antonio Mar\u00eda Claret.<\/p>\n<p>Finalmente, hemos compartido algunos de los asuntos congregacionales relacionados con la protecci\u00f3n de los menores y personas vulnerables, y varias iniciativas para animar los procesos de transformaci\u00f3n de la Congregaci\u00f3n. Los diversos temas que abordamos dentro de nuestro \u00e1mbito (en nuestras relaciones, manejo de recursos, disponibilidad para la misi\u00f3n de la Congregaci\u00f3n, etc.), en la Iglesia y el mundo, nos desaf\u00edan a ser testigos y mensajeros cre\u00edbles del Evangelio hoy. Hemos de hacer todo lo posible para asegurar la responsabilidad, la rendici\u00f3n de cuentas y la transparencia en la forma en la que manejamos los asuntos en todos los niveles de la Congregaci\u00f3n.<\/p>\n<p>Por lo tanto, arraigu\u00e9monos en Cristo y tengamos la audacia de caminar en la direcci\u00f3n que el Esp\u00edritu gu\u00ede a nuestra Congregaci\u00f3n. Encomiendo nuestra preparaci\u00f3n y celebraci\u00f3n al Inmaculado Coraz\u00f3n de nuestra bendita Madre para que ilumine y acompa\u00f1e a sus hijos con su sabidur\u00eda y amor maternal.<\/p>\n<p>&nbsp;<\/p>\n<p><strong>P. Mathew Vattamattam, CMF<\/strong><\/p>\n<p><em>Superior General<\/em><\/p>\n<p>Talagante, 20 de enero de 2020<\/p>\n","protected":false},"excerpt":{"rendered":"<p>Queridos hermanos: Hemos realizado juntos este itinerario durante esta pasada semana explorando, en un contexto de oraci\u00f3n, reflexi\u00f3n y di\u00e1logo fraterno, c\u00f3mo preparar el pr\u00f3ximo XXVI Cap\u00edtulo General que se celebrar\u00e1 en 2021. Hemos utilizado el enfoque de la indagaci\u00f3n apreciativa y las conversaciones honestas en grupos para recoger los frutos de este encuentro. Al [&hellip;]<\/p>\n","protected":false},"author":2,"featured_media":72467,"comment_status":"closed","ping_status":"closed","sticky":false,"template":"","format":"standard","meta":{"_et_pb_use_builder":"","_et_pb_old_content":"","_et_gb_content_width":"","footnotes":""},"categories":[517,1200,607,2519],"tags":[],"class_list":["post-72491","post","type-post","status-publish","format-standard","has-post-thumbnail","hentry","category-gobierno-general","category-mathew-vattamattam-es","category-tablero","category-xxvi-capitulo-general"],"jetpack_featured_media_url":"https:\/\/i0.wp.com\/www.claret.org\/wp-content\/uploads\/2020\/01\/GG-20200120-%C3%9Altimo-d%C3%ADa-3.jpg?fit=2400%2C1348&ssl=1","jetpack_sharing_enabled":true,"jetpack_shortlink":"https:\/\/wp.me\/pdaBmi-iRd","jetpack_likes_enabled":true,"_links":{"self":[{"href":"https:\/\/www.claret.org\/es\/wp-json\/wp\/v2\/posts\/72491","targetHints":{"allow":["GET"]}}],"collection":[{"href":"https:\/\/www.claret.org\/es\/wp-json\/wp\/v2\/posts"}],"about":[{"href":"https:\/\/www.claret.org\/es\/wp-json\/wp\/v2\/types\/post"}],"author":[{"embeddable":true,"href":"https:\/\/www.claret.org\/es\/wp-json\/wp\/v2\/users\/2"}],"replies":[{"embeddable":true,"href":"https:\/\/www.claret.org\/es\/wp-json\/wp\/v2\/comments?post=72491"}],"version-history":[{"count":0,"href":"https:\/\/www.claret.org\/es\/wp-json\/wp\/v2\/posts\/72491\/revisions"}],"wp:featuredmedia":[{"embeddable":true,"href":"https:\/\/www.claret.org\/es\/wp-json\/wp\/v2\/media\/72467"}],"wp:attachment":[{"href":"https:\/\/www.claret.org\/es\/wp-json\/wp\/v2\/media?parent=72491"}],"wp:term":[{"taxonomy":"category","embeddable":true,"href":"https:\/\/www.claret.org\/es\/wp-json\/wp\/v2\/categories?post=72491"},{"taxonomy":"post_tag","embeddable":true,"href":"https:\/\/www.claret.org\/es\/wp-json\/wp\/v2\/tags?post=72491"}],"curies":[{"name":"wp","href":"https:\/\/api.w.org\/{rel}","templated":true}]}}