{"id":75357,"date":"2020-02-22T12:00:18","date_gmt":"2020-02-22T11:00:18","guid":{"rendered":"https:\/\/www.claret.org\/?p=75357"},"modified":"2020-02-23T06:54:16","modified_gmt":"2020-02-23T05:54:16","slug":"encuentro-de-superiores-locales-en-la-delegacion-de-antillas","status":"publish","type":"post","link":"https:\/\/www.claret.org\/es\/encuentro-de-superiores-locales-en-la-delegacion-de-antillas\/","title":{"rendered":"Encuentro de Superiores Locales en la Delegaci\u00f3n de Antillas"},"content":{"rendered":"<p><strong>Santo Domingo, Rep\u00fablica Dominicana.<\/strong> Los Superiores Locales de la Delegaci\u00f3n Independiente de Antillas, se reunieron en la Casa de Retiro Claret de Santo Domingo, del 17 al 21 de febrero 2020, para un encuentro que tuvo como prop\u00f3sito dinamizar el papel del superior local en las comunidades misioneras de la Delegaci\u00f3n.<\/p>\n<p>Durante las jornadas dedicaron tiempo para compartir la realidad de la vida y misi\u00f3n de las posiciones misioneras en Hait\u00ed, Puerto Rico, Cuba y Rep\u00fablica Dominicana. As\u00ed mismo, hubo espacio para ahondar en la identidad y misi\u00f3n del superior local, y tambi\u00e9n, profundizar en el trabajo que se va realizando desde las distintas prefecturas y servicios de animaci\u00f3n misionera. El dinamismo del encuentro fue una oportunidad para que los participantes:<\/p>\n<ul>\n<li>Ofrezcan propuestas tem\u00e1ticas desde las necesidades de los miembros de la Delegaci\u00f3n en vista a crear el programa de formaci\u00f3n permanente.<\/li>\n<li>Estudien a fondo el Vadem\u00e9cum de los Misioneros Claretianos- Manual y Protocolo para la protecci\u00f3n de menores y adultos vulnerables, y la prevenci\u00f3n e intervenci\u00f3n ante un delito de abuso sexual.<\/li>\n<li>Conozcan y sugieran propuestas a tener en cuenta en orden al Plan de Acci\u00f3n para la Creaci\u00f3n del Plan de Autofinanciaci\u00f3n del Organismo.<\/li>\n<li>Orienten m\u00e1s y mejor la finalidad, el contenido, tareas y competencias de la Prefectura de Espiritualidad en la Delegaci\u00f3n.<\/li>\n<\/ul>\n<p>Estos d\u00edas se convirtieron no solo en un foro primordial de discernimiento y proyecci\u00f3n del caminar de la Delegaci\u00f3n, sino tambi\u00e9n, en una ocasi\u00f3n para seguir comprometi\u00e9ndose con la vitalidad misionera del Organismo.<\/p>\n<p>&nbsp;<\/p>\n<p>[envira-gallery id=\u00bb75358&#8243;]<\/p>\n","protected":false},"excerpt":{"rendered":"<p>Santo Domingo, Rep\u00fablica Dominicana. Los Superiores Locales de la Delegaci\u00f3n Independiente de Antillas, se reunieron en la Casa de Retiro Claret de Santo Domingo, del 17 al 21 de febrero 2020, para un encuentro que tuvo como prop\u00f3sito dinamizar el papel del superior local en las comunidades misioneras de la Delegaci\u00f3n. Durante las jornadas dedicaron [&hellip;]<\/p>\n","protected":false},"author":2,"featured_media":75359,"comment_status":"closed","ping_status":"closed","sticky":false,"template":"","format":"standard","meta":{"_et_pb_use_builder":"","_et_pb_old_content":"","_et_gb_content_width":"","footnotes":""},"categories":[361],"tags":[],"class_list":["post-75357","post","type-post","status-publish","format-standard","has-post-thumbnail","hentry","category-antillas-es"],"jetpack_featured_media_url":"https:\/\/i0.wp.com\/www.claret.org\/wp-content\/uploads\/2020\/02\/AN-20200222-Encuentro-de-los-Superiores-Locales-1.jpeg?fit=1280%2C960&ssl=1","jetpack_sharing_enabled":true,"jetpack_shortlink":"https:\/\/wp.me\/pdaBmi-jBr","jetpack_likes_enabled":true,"_links":{"self":[{"href":"https:\/\/www.claret.org\/es\/wp-json\/wp\/v2\/posts\/75357","targetHints":{"allow":["GET"]}}],"collection":[{"href":"https:\/\/www.claret.org\/es\/wp-json\/wp\/v2\/posts"}],"about":[{"href":"https:\/\/www.claret.org\/es\/wp-json\/wp\/v2\/types\/post"}],"author":[{"embeddable":true,"href":"https:\/\/www.claret.org\/es\/wp-json\/wp\/v2\/users\/2"}],"replies":[{"embeddable":true,"href":"https:\/\/www.claret.org\/es\/wp-json\/wp\/v2\/comments?post=75357"}],"version-history":[{"count":0,"href":"https:\/\/www.claret.org\/es\/wp-json\/wp\/v2\/posts\/75357\/revisions"}],"wp:featuredmedia":[{"embeddable":true,"href":"https:\/\/www.claret.org\/es\/wp-json\/wp\/v2\/media\/75359"}],"wp:attachment":[{"href":"https:\/\/www.claret.org\/es\/wp-json\/wp\/v2\/media?parent=75357"}],"wp:term":[{"taxonomy":"category","embeddable":true,"href":"https:\/\/www.claret.org\/es\/wp-json\/wp\/v2\/categories?post=75357"},{"taxonomy":"post_tag","embeddable":true,"href":"https:\/\/www.claret.org\/es\/wp-json\/wp\/v2\/tags?post=75357"}],"curies":[{"name":"wp","href":"https:\/\/api.w.org\/{rel}","templated":true}]}}