{"id":76955,"date":"2020-03-31T22:17:22","date_gmt":"2020-03-31T20:17:22","guid":{"rendered":"https:\/\/www.claret.org\/sin-categorizar\/programa-de-quinquenio-de-east-nigeria\/"},"modified":"2020-03-31T22:17:22","modified_gmt":"2020-03-31T20:17:22","slug":"programa-de-quinquenio-de-east-nigeria","status":"publish","type":"post","link":"https:\/\/www.claret.org\/es\/programa-de-quinquenio-de-east-nigeria\/","title":{"rendered":"Programa de quinquenio de East Nigeria"},"content":{"rendered":"<p><strong>New Owerri, Nigeria.<\/strong> Del 23 al 26 de marzo de 2020, la Provincia de East Nigeria organiz\u00f3 un programa de quinquenio para los sacerdotes con menos de a\u00f1os de ordenaci\u00f3n presbiteral, en el Centro Damas de Mulumba, en New Owerri.<\/p>\n<p>El Superior Provincial, P. Simeon Nwobi, CMF, presidi\u00f3 la Misa de comienzo. Les exhort\u00f3 a que se esfuercen por imitar al Padre Claret a pesar de los desaf\u00edos enfrentados en la misi\u00f3n en los diversos apostolados de la Provincia. Tambi\u00e9n les dio a conocer los proyectos y desaf\u00edos en la Provincia y la Congregaci\u00f3n. Los participantes tuvieron tiempo de compartir sus experiencias.<\/p>\n<p>El P. Jude Anyanwu CMF, Maestro de Novicios, y uno de los facilitadores del programa, habl\u00f3 sobre el documento del Cap\u00edtulo General: <em>Testigos y mensajeros de la alegr\u00eda del Evangelio<\/em>. Centr\u00e1ndose en el tema \u00abOyentes y Servidores de la Palabra de Dios\u00bb, explic\u00f3 la herencia de Servidores de la Palabra. Hizo hincapi\u00e9 en la disposici\u00f3n correcta al preparar la Palabra de Dios y al predicar a la manera de Cristo al estilo del Padre Claret, siendo sensibles al entorno y a los signos de los tiempos.<\/p>\n<p>Los facilitadores del programa, PP. Kenneth Oguejiofor y Perpetus Igwe, CMFF, agradecieron a los participantes su disposici\u00f3n y colaboraci\u00f3n durante el encuentro que se desarroll\u00f3 lleno de esp\u00edritu.<\/p>\n<p>El programa finaliz\u00f3 el 26 de marzo con una celebraci\u00f3n de la Sagrada Eucarist\u00eda presidida por el P. Perpetus Igwe CMF.<\/p>\n<p>&nbsp;<\/p>\n<p>[envira-gallery id=\u00bb76916&#8243;]<\/p>\n","protected":false},"excerpt":{"rendered":"<p>New Owerri, Nigeria. Del 23 al 26 de marzo de 2020, la Provincia de East Nigeria organiz\u00f3 un programa de quinquenio para los sacerdotes con menos de a\u00f1os de ordenaci\u00f3n presbiteral, en el Centro Damas de Mulumba, en New Owerri. El Superior Provincial, P. Simeon Nwobi, CMF, presidi\u00f3 la Misa de comienzo. Les exhort\u00f3 a [&hellip;]<\/p>\n","protected":false},"author":2,"featured_media":76922,"comment_status":"closed","ping_status":"closed","sticky":false,"template":"","format":"standard","meta":{"_et_pb_use_builder":"","_et_pb_old_content":"","_et_gb_content_width":"","footnotes":""},"categories":[142,623],"tags":[],"class_list":["post-76955","post","type-post","status-publish","format-standard","has-post-thumbnail","hentry","category-east-nigeria-es","category-formacion-permanente"],"jetpack_featured_media_url":"https:\/\/i0.wp.com\/www.claret.org\/wp-content\/uploads\/2020\/03\/EN-20200326-Quinquennio-1.jpeg?fit=1040%2C780&ssl=1","jetpack_sharing_enabled":true,"jetpack_shortlink":"https:\/\/wp.me\/pdaBmi-k1d","jetpack_likes_enabled":true,"_links":{"self":[{"href":"https:\/\/www.claret.org\/es\/wp-json\/wp\/v2\/posts\/76955","targetHints":{"allow":["GET"]}}],"collection":[{"href":"https:\/\/www.claret.org\/es\/wp-json\/wp\/v2\/posts"}],"about":[{"href":"https:\/\/www.claret.org\/es\/wp-json\/wp\/v2\/types\/post"}],"author":[{"embeddable":true,"href":"https:\/\/www.claret.org\/es\/wp-json\/wp\/v2\/users\/2"}],"replies":[{"embeddable":true,"href":"https:\/\/www.claret.org\/es\/wp-json\/wp\/v2\/comments?post=76955"}],"version-history":[{"count":0,"href":"https:\/\/www.claret.org\/es\/wp-json\/wp\/v2\/posts\/76955\/revisions"}],"wp:featuredmedia":[{"embeddable":true,"href":"https:\/\/www.claret.org\/es\/wp-json\/wp\/v2\/media\/76922"}],"wp:attachment":[{"href":"https:\/\/www.claret.org\/es\/wp-json\/wp\/v2\/media?parent=76955"}],"wp:term":[{"taxonomy":"category","embeddable":true,"href":"https:\/\/www.claret.org\/es\/wp-json\/wp\/v2\/categories?post=76955"},{"taxonomy":"post_tag","embeddable":true,"href":"https:\/\/www.claret.org\/es\/wp-json\/wp\/v2\/tags?post=76955"}],"curies":[{"name":"wp","href":"https:\/\/api.w.org\/{rel}","templated":true}]}}