{"id":78394,"date":"2020-04-28T11:44:37","date_gmt":"2020-04-28T09:44:37","guid":{"rendered":"https:\/\/www.claret.org\/sin-categorizar\/tiempos-dificiles-con-la-pandemia-de-covid-19-para-la-mision-claretiana-en-canada\/"},"modified":"2020-04-28T11:44:37","modified_gmt":"2020-04-28T09:44:37","slug":"tiempos-dificiles-con-la-pandemia-de-covid-19-para-la-mision-claretiana-en-canada","status":"publish","type":"post","link":"https:\/\/www.claret.org\/es\/tiempos-dificiles-con-la-pandemia-de-covid-19-para-la-mision-claretiana-en-canada\/","title":{"rendered":"Tiempos dif\u00edciles con la pandemia de Covid-19 para la misi\u00f3n claretiana en Canad\u00e1"},"content":{"rendered":"<p><em><img data-recalc-dims=\"1\" loading=\"lazy\" decoding=\"async\" class=\"alignleft wp-image-78358\" src=\"https:\/\/i0.wp.com\/www.claret.org\/wp-content\/uploads\/2020\/04\/UC-20200423-Pandemic-Canada-Mission-2.jpg?resize=206%2C367&#038;ssl=1\" alt=\"\" width=\"206\" height=\"367\" title=\"\" srcset=\"https:\/\/i0.wp.com\/www.claret.org\/wp-content\/uploads\/2020\/04\/UC-20200423-Pandemic-Canada-Mission-2.jpg?w=689&amp;ssl=1 689w, https:\/\/i0.wp.com\/www.claret.org\/wp-content\/uploads\/2020\/04\/UC-20200423-Pandemic-Canada-Mission-2.jpg?resize=169%2C300&amp;ssl=1 169w, https:\/\/i0.wp.com\/www.claret.org\/wp-content\/uploads\/2020\/04\/UC-20200423-Pandemic-Canada-Mission-2.jpg?resize=575%2C1024&amp;ssl=1 575w\" sizes=\"(max-width: 206px) 100vw, 206px\" \/><\/em><strong>Sherbrooke, Canad\u00e1.<\/strong> La Parroquia claretiana de Nuestra Se\u00f1ora de la Protecci\u00f3n y la Misi\u00f3n cat\u00f3lica latina siempre son muy activas, tambien en estos tiempos dif\u00edciles de crisis m\u00e9dica sanitaria con motivo de la pandemia de Covid-19.<\/p>\n<p>Desde el primer d\u00eda del anuncio de las autoridades civiles y eclesi\u00e1sticas de Quebec cancelandor las reuniones, los misioneros claretianos de Sherbrooke comenzaron a realizar cosas de manera diferente y constructiva para atender la necesidad pastoral, espiritual y material de sus fieles.<\/p>\n<p>El P. Reegan Soosai, CMF, nos cuenta su experiencia:<\/p>\n<blockquote><p><em>Ha pasado m\u00e1s de un mes que hemos estado ofreciendo misas, adoraciones, conferencias, formaci\u00f3n a trav\u00e9s del facebook de la Parroquia y del canal estatal nacional como para poder un peque\u00f1o resumen de todo ello. \u00c9ste es el enlace al respecto:  <a href=\"about:blank\">https:\/\/ici.radio-canada.ca\/&#8230;\/la-messe-de-paques<\/a><\/em><\/p>\n<p><em>Hemos tomado el Sant\u00edsimo Sacramento para bendecir la ciudad y la gente de las calles. Siempre que las personas quer\u00edan recibir el sacramento de la reconciliaci\u00f3n o de la unci\u00f3n de los enfermos, est\u00e1bamos all\u00ed para ellos, pero siempre siguiendo las normas sanitarias de las autoridades civiles.<\/em><\/p>\n<p><em>Ha sido un a\u00f1o que hemos estado ayudando a los solicitantes de asilo con asistencia material y espiritual. Nos regocijamos en el Se\u00f1or y decimos que hemos ayudado a m\u00e1s de 100 familias.<\/em><\/p>\n<p><em>Adem\u00e1s, en las \u00faltimas tres semanas, hemos ayudado a m\u00e1s de 100 familias de inmigrantes pobres y necesitados con alimentos y la ayuda que recibimos de la fundaci\u00f3n local de la ciudad llamada Rock Guertin y de la Provincia de USA-Canada. La comida puede durar tres semanas. La gente est\u00e1 muy esperanzada y agradecida por esta ayuda oportuna.<\/em><\/p>\n<p><em>El equipo de pastoral social de la Misi\u00f3n Cat\u00f3lica Latina ha estado haciendo un trabajo maravilloso en este sentido. Se lo agradecemos muy sinceramente. Sigamos haciendo el bien y acompa\u00f1ando a las personas que Dios nos ha confiado.<\/em><\/p>\n<p><img data-recalc-dims=\"1\" loading=\"lazy\" decoding=\"async\" class=\"alignnone wp-image-78364 size-full\" src=\"https:\/\/i0.wp.com\/www.claret.org\/wp-content\/uploads\/2020\/04\/UC-20200423-Pandemic-Canada-Mission-1-scaled.jpg?resize=1080%2C810&#038;ssl=1\" alt=\"\" width=\"1080\" height=\"810\" title=\"\" srcset=\"https:\/\/i0.wp.com\/www.claret.org\/wp-content\/uploads\/2020\/04\/UC-20200423-Pandemic-Canada-Mission-1-scaled.jpg?w=2560&amp;ssl=1 2560w, https:\/\/i0.wp.com\/www.claret.org\/wp-content\/uploads\/2020\/04\/UC-20200423-Pandemic-Canada-Mission-1-scaled.jpg?resize=300%2C225&amp;ssl=1 300w, https:\/\/i0.wp.com\/www.claret.org\/wp-content\/uploads\/2020\/04\/UC-20200423-Pandemic-Canada-Mission-1-scaled.jpg?resize=1024%2C768&amp;ssl=1 1024w, https:\/\/i0.wp.com\/www.claret.org\/wp-content\/uploads\/2020\/04\/UC-20200423-Pandemic-Canada-Mission-1-scaled.jpg?resize=768%2C576&amp;ssl=1 768w, https:\/\/i0.wp.com\/www.claret.org\/wp-content\/uploads\/2020\/04\/UC-20200423-Pandemic-Canada-Mission-1-scaled.jpg?resize=1536%2C1152&amp;ssl=1 1536w, https:\/\/i0.wp.com\/www.claret.org\/wp-content\/uploads\/2020\/04\/UC-20200423-Pandemic-Canada-Mission-1-scaled.jpg?resize=2048%2C1536&amp;ssl=1 2048w, https:\/\/i0.wp.com\/www.claret.org\/wp-content\/uploads\/2020\/04\/UC-20200423-Pandemic-Canada-Mission-1-scaled.jpg?resize=1080%2C810&amp;ssl=1 1080w, https:\/\/i0.wp.com\/www.claret.org\/wp-content\/uploads\/2020\/04\/UC-20200423-Pandemic-Canada-Mission-1-scaled.jpg?w=2160&amp;ssl=1 2160w\" sizes=\"(max-width: 1080px) 100vw, 1080px\" \/><\/p>\n<p><img data-recalc-dims=\"1\" loading=\"lazy\" decoding=\"async\" class=\"alignnone wp-image-78370\" src=\"https:\/\/i0.wp.com\/www.claret.org\/wp-content\/uploads\/2020\/04\/UC-20200423-Pandemic-Canada-Mission-4.jpg?resize=864%2C1776&#038;ssl=1\" alt=\"\" width=\"864\" height=\"1776\" title=\"\" srcset=\"https:\/\/i0.wp.com\/www.claret.org\/wp-content\/uploads\/2020\/04\/UC-20200423-Pandemic-Canada-Mission-4.jpg?w=1080&amp;ssl=1 1080w, https:\/\/i0.wp.com\/www.claret.org\/wp-content\/uploads\/2020\/04\/UC-20200423-Pandemic-Canada-Mission-4.jpg?resize=146%2C300&amp;ssl=1 146w, https:\/\/i0.wp.com\/www.claret.org\/wp-content\/uploads\/2020\/04\/UC-20200423-Pandemic-Canada-Mission-4.jpg?resize=498%2C1024&amp;ssl=1 498w, https:\/\/i0.wp.com\/www.claret.org\/wp-content\/uploads\/2020\/04\/UC-20200423-Pandemic-Canada-Mission-4.jpg?resize=768%2C1579&amp;ssl=1 768w, https:\/\/i0.wp.com\/www.claret.org\/wp-content\/uploads\/2020\/04\/UC-20200423-Pandemic-Canada-Mission-4.jpg?resize=747%2C1536&amp;ssl=1 747w, https:\/\/i0.wp.com\/www.claret.org\/wp-content\/uploads\/2020\/04\/UC-20200423-Pandemic-Canada-Mission-4.jpg?resize=996%2C2048&amp;ssl=1 996w\" sizes=\"(max-width: 864px) 100vw, 864px\" \/><\/p><\/blockquote>\n","protected":false},"excerpt":{"rendered":"<p>Sherbrooke, Canad\u00e1. La Parroquia claretiana de Nuestra Se\u00f1ora de la Protecci\u00f3n y la Misi\u00f3n cat\u00f3lica latina siempre son muy activas, tambien en estos tiempos dif\u00edciles de crisis m\u00e9dica sanitaria con motivo de la pandemia de Covid-19. Desde el primer d\u00eda del anuncio de las autoridades civiles y eclesi\u00e1sticas de Quebec cancelandor las reuniones, los misioneros [&hellip;]<\/p>\n","protected":false},"author":2,"featured_media":78381,"comment_status":"closed","ping_status":"closed","sticky":false,"template":"","format":"standard","meta":{"_et_pb_use_builder":"","_et_pb_old_content":"","_et_gb_content_width":"","footnotes":""},"categories":[1097,601],"tags":[],"class_list":["post-78394","post","type-post","status-publish","format-standard","has-post-thumbnail","hentry","category-parroquias","category-usa-canada-es"],"jetpack_featured_media_url":"https:\/\/i0.wp.com\/www.claret.org\/wp-content\/uploads\/2020\/04\/UC-20200423-Pandemic-Canada-Mission-3.jpg?fit=2560%2C1920&ssl=1","jetpack_sharing_enabled":true,"jetpack_shortlink":"https:\/\/wp.me\/pdaBmi-koq","jetpack_likes_enabled":true,"_links":{"self":[{"href":"https:\/\/www.claret.org\/es\/wp-json\/wp\/v2\/posts\/78394","targetHints":{"allow":["GET"]}}],"collection":[{"href":"https:\/\/www.claret.org\/es\/wp-json\/wp\/v2\/posts"}],"about":[{"href":"https:\/\/www.claret.org\/es\/wp-json\/wp\/v2\/types\/post"}],"author":[{"embeddable":true,"href":"https:\/\/www.claret.org\/es\/wp-json\/wp\/v2\/users\/2"}],"replies":[{"embeddable":true,"href":"https:\/\/www.claret.org\/es\/wp-json\/wp\/v2\/comments?post=78394"}],"version-history":[{"count":0,"href":"https:\/\/www.claret.org\/es\/wp-json\/wp\/v2\/posts\/78394\/revisions"}],"wp:featuredmedia":[{"embeddable":true,"href":"https:\/\/www.claret.org\/es\/wp-json\/wp\/v2\/media\/78381"}],"wp:attachment":[{"href":"https:\/\/www.claret.org\/es\/wp-json\/wp\/v2\/media?parent=78394"}],"wp:term":[{"taxonomy":"category","embeddable":true,"href":"https:\/\/www.claret.org\/es\/wp-json\/wp\/v2\/categories?post=78394"},{"taxonomy":"post_tag","embeddable":true,"href":"https:\/\/www.claret.org\/es\/wp-json\/wp\/v2\/tags?post=78394"}],"curies":[{"name":"wp","href":"https:\/\/api.w.org\/{rel}","templated":true}]}}