{"id":7902,"date":"2018-03-20T00:00:55","date_gmt":"2018-03-19T23:00:55","guid":{"rendered":"https:\/\/www.claret.org\/20-marzo\/"},"modified":"2018-03-20T00:00:55","modified_gmt":"2018-03-19T23:00:55","slug":"20-marzo","status":"publish","type":"post","link":"https:\/\/www.claret.org\/es\/20-marzo\/","title":{"rendered":"20 Marzo"},"content":{"rendered":"<div class=\"field field-name-field-meditacion-cita-texto field-type-text-long field-label-hidden\">\n<div class=\"field-items\">\n<blockquote>\n<div class=\"field-item even\">\u201cMas as\u00ed yo me ato y concreto en un solo arzobispado, cuando mi esp\u00edritu es para todo el mundo: ni aun en ese punto peque\u00f1o del globo podr\u00e9 predicar tanto como quisiera, porque he visto con mis propios ojos los muchos negocios a que tiene que atender un Arzobispo. Me parece que lo m\u00e1s acertado ser\u00eda que se eligiese otro y, si quiere que vaya all\u00e1 y aun con otros compa\u00f1eros a misionar por una temporada, iremos\u201d.Carta al Nuncio Apost\u00f3lico, 12 de agosto de 1849; EC I, p. 305s<\/div>\n<\/blockquote>\n<\/div>\n<\/div>\n<div class=\"titulo-meditacion\">\n<h2>PARA TODO EL MUNDO<\/h2>\n<\/div>\n<div class=\"field field-name-body field-type-text-with-summary field-label-hidden\">\n<div class=\"field-items\">\n<div class=\"field-item even\">\n<p>Claret formula una de sus objeciones a su nombramiento de arzobispo con una de sus frases m\u00e1s caracter\u00edsticas: \u201cMi esp\u00edritu es para todo el mundo\u201d. Un verdadero disc\u00edpulo de Jes\u00fas debe tener un coraz\u00f3n abierto al mundo. Jesucristo, el misionero del Padre, abraz\u00f3 a todos desde la cruz y ofreci\u00f3 la salvaci\u00f3n gratuita al universo.<\/p>\n<p>Claret tuvo un coraz\u00f3n amplio, que deseaba ofrecer a todos los pueblos de la tierra el disfrute pleno de esa salvaci\u00f3n. El deseaba correr, correr y correr a todas partes, alertando a todos los que se encontrasen en camino de perdici\u00f3n. Le mov\u00eda a ello una inmensa compasi\u00f3n. El coraz\u00f3n del misionero es as\u00ed: compasivo y omniabarcante.<\/p>\n<p>El evangelizador a zaga de la huella de Jes\u00fas no podr\u00e1 estar simult\u00e1neamente en todas partes, pero su Esp\u00edritu le mantendr\u00e1 abierto a la universalidad. Esto en la \u00e9poca de Claret no era tan f\u00e1cil como ahora, cuando las noticias de cualquier rinc\u00f3n del planeta nos llegan en tiempo real, lo bueno y lo mal, para alegrarnos o llorar con cuantos se alegran o lloran. Antes que los medios de comunicaci\u00f3n derribasen los muros del mundo, ya lo hab\u00eda hecho el coraz\u00f3n inmenso de los evangelizadores.<br \/>\nPosiblemente uno de los medios para alcanzar esta comuni\u00f3n c\u00f3smica puede ser la meditaci\u00f3n de estilo oriental. Al concentrarnos en la respiraci\u00f3n, evitando todo pensamiento, descubrimos que nuestra conciencia se expande hasta  abrazar todo el cosmos. Entonces enviamos nuestras vibraciones afectuosas y compasivas a todas las naciones y razas, a los elementos animados e inanimados que integran el mundo creado.<\/p>\n<p>Pero esa rica experiencia humana es todav\u00eda fecundada por la fe cristiana y el esp\u00edritu apost\u00f3lico. Nuestro coraz\u00f3n se dilata seg\u00fan el ejemplo del coraz\u00f3n de Cristo y de la sensibilidad universalista de Claret. \u00bfEs as\u00ed de amplio tu coraz\u00f3n? \u00bfabres tus brazos acogedores a cuanto existe y cuantos existen?<\/p>\n<\/div>\n<\/div>\n<\/div>\n","protected":false},"excerpt":{"rendered":"<p>\u201cMas as\u00ed yo me ato y concreto en un solo arzobispado, cuando mi esp\u00edritu es para todo el mundo: ni aun en ese punto peque\u00f1o del globo podr\u00e9 predicar tanto como quisiera, porque he visto con mis propios ojos los muchos negocios a que tiene que atender un Arzobispo. Me parece que lo m\u00e1s acertado [&hellip;]<\/p>\n","protected":false},"author":1,"featured_media":0,"comment_status":"closed","ping_status":"closed","sticky":false,"template":"","format":"standard","meta":{"_et_pb_use_builder":"","_et_pb_old_content":"","_et_gb_content_width":"","footnotes":""},"categories":[526],"tags":[],"class_list":["post-7902","post","type-post","status-publish","format-standard","hentry","category-claret-contigo"],"jetpack_featured_media_url":"","jetpack_sharing_enabled":true,"jetpack_shortlink":"https:\/\/wp.me\/pdaBmi-23s","jetpack_likes_enabled":true,"_links":{"self":[{"href":"https:\/\/www.claret.org\/es\/wp-json\/wp\/v2\/posts\/7902","targetHints":{"allow":["GET"]}}],"collection":[{"href":"https:\/\/www.claret.org\/es\/wp-json\/wp\/v2\/posts"}],"about":[{"href":"https:\/\/www.claret.org\/es\/wp-json\/wp\/v2\/types\/post"}],"author":[{"embeddable":true,"href":"https:\/\/www.claret.org\/es\/wp-json\/wp\/v2\/users\/1"}],"replies":[{"embeddable":true,"href":"https:\/\/www.claret.org\/es\/wp-json\/wp\/v2\/comments?post=7902"}],"version-history":[{"count":0,"href":"https:\/\/www.claret.org\/es\/wp-json\/wp\/v2\/posts\/7902\/revisions"}],"wp:attachment":[{"href":"https:\/\/www.claret.org\/es\/wp-json\/wp\/v2\/media?parent=7902"}],"wp:term":[{"taxonomy":"category","embeddable":true,"href":"https:\/\/www.claret.org\/es\/wp-json\/wp\/v2\/categories?post=7902"},{"taxonomy":"post_tag","embeddable":true,"href":"https:\/\/www.claret.org\/es\/wp-json\/wp\/v2\/tags?post=7902"}],"curies":[{"name":"wp","href":"https:\/\/api.w.org\/{rel}","templated":true}]}}