{"id":80219,"date":"2020-06-05T09:37:09","date_gmt":"2020-06-05T07:37:09","guid":{"rendered":"https:\/\/www.claret.org\/sin-categorizar\/profesion-perpetua-en-claret-nivas-barrackpore\/"},"modified":"2020-06-05T09:37:09","modified_gmt":"2020-06-05T07:37:09","slug":"profesion-perpetua-en-claret-nivas-barrackpore","status":"publish","type":"post","link":"https:\/\/www.claret.org\/es\/profesion-perpetua-en-claret-nivas-barrackpore\/","title":{"rendered":"Profesi\u00f3n Perpetua en Claret Nivas, Barrackpore"},"content":{"rendered":"<p><strong>Barrackpore, India. <\/strong>El 31 de mayo de 2020, la Comunidad Claret Nivas y la Comunidad Curia de la Delegaci\u00f3n de Kolkata, Barrackpore, tuvieron la celebraci\u00f3n de la Solemnidad de Pentecost\u00e9s, de la la Visitaci\u00f3n de Nuestra Se\u00f1ora a Santa Isabel y de la Profesi\u00f3n Perpetua de nuestros hermanos. La celebraci\u00f3n de la Sagrada Eucarist\u00eda comenz\u00f3 a las 11:00 am con una solemne procesi\u00f3n. El P. V. Lawrence CMF, Superior Mayor de la Delegaci\u00f3n Independiente de Kolkata, presidi\u00f3 la celebraci\u00f3n. El P. George Kollamparampil, CMF, Superior de Claret Nivas destac\u00f3 en su homil\u00eda la importancia de los votos religiosos y la disponibilidad para la misi\u00f3n universal.<\/p>\n<p>Cuatro de los Estudiantes que pertenecen a la Provincia de Chennai, a saber, Ashish Pani, Jikhoriyo Nayak, Francis Kumar A. y Shyam C. y dos de la Delegaci\u00f3n de Kolkata, a saber, Abinash Toppo y Robert R. tomaron realizaci\u00f3n la Profesi\u00f3n Perpetua. Al final de la Santa Misa, el Superior Mayor transmiti\u00f3 sus mejores deseos y el mensaje del Padre General a los candidatos. Sigui\u00f3 un programa de felicitaciones y la fraternal comida.<\/p>\n<p>&nbsp;<\/p>\n<p>[envira-gallery id=\u00bb80190&#8243;]<\/p>\n","protected":false},"excerpt":{"rendered":"<p>Barrackpore, India. El 31 de mayo de 2020, la Comunidad Claret Nivas y la Comunidad Curia de la Delegaci\u00f3n de Kolkata, Barrackpore, tuvieron la celebraci\u00f3n de la Solemnidad de Pentecost\u00e9s, de la la Visitaci\u00f3n de Nuestra Se\u00f1ora a Santa Isabel y de la Profesi\u00f3n Perpetua de nuestros hermanos. La celebraci\u00f3n de la Sagrada Eucarist\u00eda comenz\u00f3 [&hellip;]<\/p>\n","protected":false},"author":2,"featured_media":80208,"comment_status":"closed","ping_status":"closed","sticky":false,"template":"","format":"standard","meta":{"_et_pb_use_builder":"","_et_pb_old_content":"","_et_gb_content_width":"","footnotes":""},"categories":[231,236],"tags":[],"class_list":["post-80219","post","type-post","status-publish","format-standard","has-post-thumbnail","hentry","category-chennai-es","category-kolkata-es"],"jetpack_featured_media_url":"https:\/\/i0.wp.com\/www.claret.org\/wp-content\/uploads\/2020\/06\/KK-20200531-Perpetual-Professions-3-scaled.jpg?fit=2560%2C1182&ssl=1","jetpack_sharing_enabled":true,"jetpack_shortlink":"https:\/\/wp.me\/pdaBmi-kRR","jetpack_likes_enabled":true,"_links":{"self":[{"href":"https:\/\/www.claret.org\/es\/wp-json\/wp\/v2\/posts\/80219","targetHints":{"allow":["GET"]}}],"collection":[{"href":"https:\/\/www.claret.org\/es\/wp-json\/wp\/v2\/posts"}],"about":[{"href":"https:\/\/www.claret.org\/es\/wp-json\/wp\/v2\/types\/post"}],"author":[{"embeddable":true,"href":"https:\/\/www.claret.org\/es\/wp-json\/wp\/v2\/users\/2"}],"replies":[{"embeddable":true,"href":"https:\/\/www.claret.org\/es\/wp-json\/wp\/v2\/comments?post=80219"}],"version-history":[{"count":0,"href":"https:\/\/www.claret.org\/es\/wp-json\/wp\/v2\/posts\/80219\/revisions"}],"wp:featuredmedia":[{"embeddable":true,"href":"https:\/\/www.claret.org\/es\/wp-json\/wp\/v2\/media\/80208"}],"wp:attachment":[{"href":"https:\/\/www.claret.org\/es\/wp-json\/wp\/v2\/media?parent=80219"}],"wp:term":[{"taxonomy":"category","embeddable":true,"href":"https:\/\/www.claret.org\/es\/wp-json\/wp\/v2\/categories?post=80219"},{"taxonomy":"post_tag","embeddable":true,"href":"https:\/\/www.claret.org\/es\/wp-json\/wp\/v2\/tags?post=80219"}],"curies":[{"name":"wp","href":"https:\/\/api.w.org\/{rel}","templated":true}]}}