{"id":83775,"date":"2020-07-11T07:57:08","date_gmt":"2020-07-11T05:57:08","guid":{"rendered":"https:\/\/www.claret.org\/primera-profesion-religiosa-en-filipinas\/"},"modified":"2020-07-11T07:57:08","modified_gmt":"2020-07-11T05:57:08","slug":"primera-profesion-religiosa-en-filipinas","status":"publish","type":"post","link":"https:\/\/www.claret.org\/es\/primera-profesion-religiosa-en-filipinas\/","title":{"rendered":"Primera Profesi\u00f3n Religiosa en Filipinas"},"content":{"rendered":"<p>Ormoc City, Filipinas. Fue una tarde llena de gracia la del el domingo 5 de julio de 2020, cuando seis Novicios hicieron su Primera Profesi\u00f3n Temporal en una solemne celebraci\u00f3n eucar\u00edstica celebrada en la sala de conferencias de Gallardo, Claret Novitiate House, Ormoc City. Los seis j\u00f3venes misioneros reci\u00e9n profesos &#8211; Randy Grano, John Paul Rante, Vrent Kiblasen, Nguyen Van Hau, Tran Vinh y Lu Heng (Delegaci\u00f3n de East Asia) &#8211; profesaron sus votos evang\u00e9licos en manos del P. Amador Tumbaga, CMF, Vicario Provincial y Maestro de Novicios, quien fue delegado para ello por el P. Elias Ayuban, Jr., CMF, Superior Provincial.<\/p>\n<p>La celebraci\u00f3n de la Misa y el Rito de la Profesi\u00f3n se transmiti\u00f3 en vivo a trav\u00e9s de Facebook, lo que permiti\u00f3 a diferentes comunidades claretianas y familias de los profesos presenciar el evento, teniendo en cuenta las restricciones de viaje causadas por la pandemia viral actual.<\/p>\n","protected":false},"excerpt":{"rendered":"<p>Ormoc City, Filipinas. Fue una tarde llena de gracia la del el domingo 5 de julio de 2020, cuando seis Novicios hicieron su Primera Profesi\u00f3n Temporal en una solemne celebraci\u00f3n eucar\u00edstica celebrada en la sala de conferencias de Gallardo, Claret Novitiate House, Ormoc City. Los seis j\u00f3venes misioneros reci\u00e9n profesos &#8211; Randy Grano, John Paul [&hellip;]<\/p>\n","protected":false},"author":2,"featured_media":83512,"comment_status":"closed","ping_status":"closed","sticky":false,"template":"","format":"standard","meta":{"_et_pb_use_builder":"","_et_pb_old_content":"","_et_gb_content_width":"","footnotes":""},"categories":[216,1153,578],"tags":[],"class_list":["post-83775","post","type-post","status-publish","format-standard","has-post-thumbnail","hentry","category-fr-rhoel-gallardo-es","category-noviciado","category-profesiones"],"jetpack_featured_media_url":"https:\/\/i0.wp.com\/www.claret.org\/wp-content\/uploads\/2020\/07\/PH-20200705-First-Profession-5.jpg?fit=1805%2C924&ssl=1","jetpack_sharing_enabled":true,"jetpack_shortlink":"https:\/\/wp.me\/pdaBmi-lNd","jetpack_likes_enabled":true,"_links":{"self":[{"href":"https:\/\/www.claret.org\/es\/wp-json\/wp\/v2\/posts\/83775","targetHints":{"allow":["GET"]}}],"collection":[{"href":"https:\/\/www.claret.org\/es\/wp-json\/wp\/v2\/posts"}],"about":[{"href":"https:\/\/www.claret.org\/es\/wp-json\/wp\/v2\/types\/post"}],"author":[{"embeddable":true,"href":"https:\/\/www.claret.org\/es\/wp-json\/wp\/v2\/users\/2"}],"replies":[{"embeddable":true,"href":"https:\/\/www.claret.org\/es\/wp-json\/wp\/v2\/comments?post=83775"}],"version-history":[{"count":0,"href":"https:\/\/www.claret.org\/es\/wp-json\/wp\/v2\/posts\/83775\/revisions"}],"wp:featuredmedia":[{"embeddable":true,"href":"https:\/\/www.claret.org\/es\/wp-json\/wp\/v2\/media\/83512"}],"wp:attachment":[{"href":"https:\/\/www.claret.org\/es\/wp-json\/wp\/v2\/media?parent=83775"}],"wp:term":[{"taxonomy":"category","embeddable":true,"href":"https:\/\/www.claret.org\/es\/wp-json\/wp\/v2\/categories?post=83775"},{"taxonomy":"post_tag","embeddable":true,"href":"https:\/\/www.claret.org\/es\/wp-json\/wp\/v2\/tags?post=83775"}],"curies":[{"name":"wp","href":"https:\/\/api.w.org\/{rel}","templated":true}]}}