{"id":88950,"date":"2020-09-04T00:00:22","date_gmt":"2020-09-03T22:00:22","guid":{"rendered":"https:\/\/www.claret.org\/profesion-perpetua-de-antoine-macaire-christian-noah-cmf-y-envio-a-la-mision-universal\/"},"modified":"2020-09-04T00:00:22","modified_gmt":"2020-09-03T22:00:22","slug":"profesion-perpetua-de-antoine-macaire-christian-noah-cmf-y-envio-a-la-mision-universal","status":"publish","type":"post","link":"https:\/\/www.claret.org\/es\/profesion-perpetua-de-antoine-macaire-christian-noah-cmf-y-envio-a-la-mision-universal\/","title":{"rendered":"Profesi\u00f3n Perpetua de Antoine Macaire Christian Noah, CMF y env\u00edo a la misi\u00f3n universal"},"content":{"rendered":"<p><strong>Yaound\u00e9, Camer\u00fan.<\/strong> El jueves 3 de septiembre de 2020, Fiesta de San Gregorio Magno, la Delegaci\u00f3n Independiente de Cameroun vivi\u00f3 dos acontecimientos importantes durante una celebraci\u00f3n eucar\u00edstica. Primero, la Profesi\u00f3n Perpetua del Estudiante Antoine Macaire Christian Noah, CMF, recibida por el P. Jude Thaddeus Langeh, CMF, Superior Mayor de Cameroun. Segundo, el env\u00edo de tres misioneros claretianos a la misi\u00f3n universal: el P. Raoul Bekolo, CMF, y el H. Antoine Macaire Christian Noah, CMF, a la misi\u00f3n en la Delegaci\u00f3n Independiente de Antillas, y el P. Pr\u00f3spera Helona, CMF, a la Provincia de Per\u00fa-Bolivia.<\/p>\n<p>La exhortaci\u00f3n del Superior Mayor gir\u00f3 en torno a tres ejes principales: el LLAMADO, que pretende ser personal con el Se\u00f1or como fuente; la RESPUESTA, que pasa por la escucha atenta y la disponibilidad; y finalmente, el ENV\u00cdO MISIONERO, que es definido por el Se\u00f1or. Esta realidad s\u00f3lo es posible mediante la disposici\u00f3n del llamado a la voluntad divina y la fidelidad a ella.<\/p>\n<p>&nbsp;<\/p>\n<p>[envira-gallery id=\u00bb88620&#8243;]<\/p>\n","protected":false},"excerpt":{"rendered":"<p>Yaound\u00e9, Camer\u00fan. El jueves 3 de septiembre de 2020, Fiesta de San Gregorio Magno, la Delegaci\u00f3n Independiente de Cameroun vivi\u00f3 dos acontecimientos importantes durante una celebraci\u00f3n eucar\u00edstica. Primero, la Profesi\u00f3n Perpetua del Estudiante Antoine Macaire Christian Noah, CMF, recibida por el P. Jude Thaddeus Langeh, CMF, Superior Mayor de Cameroun. Segundo, el env\u00edo de tres [&hellip;]<\/p>\n","protected":false},"author":2,"featured_media":88638,"comment_status":"closed","ping_status":"closed","sticky":false,"template":"","format":"standard","meta":{"_et_pb_use_builder":"","_et_pb_old_content":"","_et_gb_content_width":"","footnotes":""},"categories":[132,578],"tags":[],"class_list":["post-88950","post","type-post","status-publish","format-standard","has-post-thumbnail","hentry","category-cameroun-es","category-profesiones"],"jetpack_featured_media_url":"https:\/\/i0.wp.com\/www.claret.org\/wp-content\/uploads\/2020\/09\/CM-20200903-Perpetual-of-Antoine-1-scaled.jpg?fit=2560%2C1707&ssl=1","jetpack_sharing_enabled":true,"jetpack_shortlink":"https:\/\/wp.me\/pdaBmi-n8G","jetpack_likes_enabled":true,"_links":{"self":[{"href":"https:\/\/www.claret.org\/es\/wp-json\/wp\/v2\/posts\/88950","targetHints":{"allow":["GET"]}}],"collection":[{"href":"https:\/\/www.claret.org\/es\/wp-json\/wp\/v2\/posts"}],"about":[{"href":"https:\/\/www.claret.org\/es\/wp-json\/wp\/v2\/types\/post"}],"author":[{"embeddable":true,"href":"https:\/\/www.claret.org\/es\/wp-json\/wp\/v2\/users\/2"}],"replies":[{"embeddable":true,"href":"https:\/\/www.claret.org\/es\/wp-json\/wp\/v2\/comments?post=88950"}],"version-history":[{"count":0,"href":"https:\/\/www.claret.org\/es\/wp-json\/wp\/v2\/posts\/88950\/revisions"}],"wp:featuredmedia":[{"embeddable":true,"href":"https:\/\/www.claret.org\/es\/wp-json\/wp\/v2\/media\/88638"}],"wp:attachment":[{"href":"https:\/\/www.claret.org\/es\/wp-json\/wp\/v2\/media?parent=88950"}],"wp:term":[{"taxonomy":"category","embeddable":true,"href":"https:\/\/www.claret.org\/es\/wp-json\/wp\/v2\/categories?post=88950"},{"taxonomy":"post_tag","embeddable":true,"href":"https:\/\/www.claret.org\/es\/wp-json\/wp\/v2\/tags?post=88950"}],"curies":[{"name":"wp","href":"https:\/\/api.w.org\/{rel}","templated":true}]}}