{"id":90998,"date":"2020-09-19T08:37:29","date_gmt":"2020-09-19T06:37:29","guid":{"rendered":"https:\/\/www.claret.org\/?p=90998"},"modified":"2020-09-19T08:37:29","modified_gmt":"2020-09-19T06:37:29","slug":"reunion-del-consejo-general-de-economia-3","status":"publish","type":"post","link":"https:\/\/www.claret.org\/es\/reunion-del-consejo-general-de-economia-3\/","title":{"rendered":"Reuni\u00f3n del Consejo General de Econom\u00eda"},"content":{"rendered":"<p><strong>Roma, Italia.<\/strong> La reuni\u00f3n anual del Consejo General de Econom\u00eda, prevista inicialmente para junio, se ha celebrado en septiembre y de manera online. Del lunes 14 al viernes 18 de septiembre nos hemos \u201creunido\u201d durante tres horas los 11 miembros del Consejo: John Arackaparampil (North East India), Luiz Botteon (Brasil), Nathaniel Eke (East Nigeria),  Rafael G\u00f3mez (Sanctus Paulus), Domingo Grill\u00eda (San Jos\u00e9 del Sur), \u00c1ngel de la Parte (Santiago), Giovanni Ram\u00edrez (Curia General), Salvador Segura (Curia General), Rosendo Urrabazo (USA-Canada), George Vayaliparampil y Manuel Tamargo (Curia General).<\/p>\n<p>En este tiempo, necesariamente reducido para hacer compatibles los horarios de las diversas partes del mundo, hemos podido completar los temas del Orden del D\u00eda, que comprend\u00eda un di\u00e1logo sobre las consecuencias de la pandemia en los diversos continentes, varias informaciones sobre la marcha econ\u00f3mica de la Administraci\u00f3n General y de la Congregaci\u00f3n y algunas orientaciones para la coordinaci\u00f3n de la econom\u00eda congregacional.<\/p>\n<p>La parte m\u00e1s importante de la reuni\u00f3n se ha dedicado a la preparaci\u00f3n del Cap\u00edtulo General: se ha revisado y actualizado el guion que se enviar\u00e1 a cada Organismo para la elaboraci\u00f3n de la correspondiente memoria; tambi\u00e9n se ha repasado el esquema de la memoria que deber\u00e1 elaborar la Administraci\u00f3n General; y se han recogido algunas orientaciones que el Consejo de Econom\u00eda quiere aportar al Gobierno y al Cap\u00edtulo para continuar configurando nuestra econom\u00eda congregacional, con transparencia y eficiencia, al servicio de la misi\u00f3n.<\/p>\n","protected":false},"excerpt":{"rendered":"<p>Roma, Italia. La reuni\u00f3n anual del Consejo General de Econom\u00eda, prevista inicialmente para junio, se ha celebrado en septiembre y de manera online. Del lunes 14 al viernes 18 de septiembre nos hemos \u201creunido\u201d durante tres horas los 11 miembros del Consejo: John Arackaparampil (North East India), Luiz Botteon (Brasil), Nathaniel Eke (East Nigeria), Rafael [&hellip;]<\/p>\n","protected":false},"author":2,"featured_media":90999,"comment_status":"closed","ping_status":"closed","sticky":false,"template":"","format":"standard","meta":{"_et_pb_use_builder":"","_et_pb_old_content":"","_et_gb_content_width":"","footnotes":""},"categories":[507,517],"tags":[],"class_list":["post-90998","post","type-post","status-publish","format-standard","has-post-thumbnail","hentry","category-economia","category-gobierno-general"],"jetpack_featured_media_url":"https:\/\/i0.wp.com\/www.claret.org\/wp-content\/uploads\/2020\/09\/EG-20200918-Consejo-General-2020.jpeg?fit=1191%2C689&ssl=1","jetpack_sharing_enabled":true,"jetpack_shortlink":"https:\/\/wp.me\/pdaBmi-nFI","jetpack_likes_enabled":true,"_links":{"self":[{"href":"https:\/\/www.claret.org\/es\/wp-json\/wp\/v2\/posts\/90998","targetHints":{"allow":["GET"]}}],"collection":[{"href":"https:\/\/www.claret.org\/es\/wp-json\/wp\/v2\/posts"}],"about":[{"href":"https:\/\/www.claret.org\/es\/wp-json\/wp\/v2\/types\/post"}],"author":[{"embeddable":true,"href":"https:\/\/www.claret.org\/es\/wp-json\/wp\/v2\/users\/2"}],"replies":[{"embeddable":true,"href":"https:\/\/www.claret.org\/es\/wp-json\/wp\/v2\/comments?post=90998"}],"version-history":[{"count":0,"href":"https:\/\/www.claret.org\/es\/wp-json\/wp\/v2\/posts\/90998\/revisions"}],"wp:featuredmedia":[{"embeddable":true,"href":"https:\/\/www.claret.org\/es\/wp-json\/wp\/v2\/media\/90999"}],"wp:attachment":[{"href":"https:\/\/www.claret.org\/es\/wp-json\/wp\/v2\/media?parent=90998"}],"wp:term":[{"taxonomy":"category","embeddable":true,"href":"https:\/\/www.claret.org\/es\/wp-json\/wp\/v2\/categories?post=90998"},{"taxonomy":"post_tag","embeddable":true,"href":"https:\/\/www.claret.org\/es\/wp-json\/wp\/v2\/tags?post=90998"}],"curies":[{"name":"wp","href":"https:\/\/api.w.org\/{rel}","templated":true}]}}