{"id":92421,"date":"2020-10-24T00:48:04","date_gmt":"2020-10-23T22:48:04","guid":{"rendered":"https:\/\/www.claret.org\/una-llama-que-arde-hasta-el-final\/"},"modified":"2020-11-25T11:05:30","modified_gmt":"2020-11-25T10:05:30","slug":"una-llama-que-arde-hasta-el-final","status":"publish","type":"post","link":"https:\/\/www.claret.org\/es\/una-llama-que-arde-hasta-el-final\/","title":{"rendered":"Una vela que arde hasta el final"},"content":{"rendered":"<p><strong>Vic, Espa\u00f1a.<\/strong> En v\u00edsperas del 150 aniversario de la muerte y solemnidad de San Antonio Mar\u00eda Claret, un peque\u00f1o grupo de misioneros claretianos se reuni\u00f3 en la cripta de nuestro amado Padre Fundador en Vic para rezar ante su sepulcro. Entre los presentes estaban el P. Mathew Vattamattam, CMF (Superior General), P. Gonzalo Fern\u00e1ndez, CMF (Vicario General), P. Ricard Costa-Juss\u00e0, CMF (Superior Provincial de Sanctus Paulus) y los miembros de su consejo residentes en el \u00e1rea de Barcelona, el Equipo CESC y miembros de la comunidad de Vic.<\/p>\n<p>La vigilia se abri\u00f3 en silencio y con una una vela encendida en la oscuridad. El Padre General hizo la se\u00f1al de la cruz y el P. Gonzalo la presentaci\u00f3n. La Oraci\u00f3n Apost\u00f3lica de Claret preparada por La Casa Sul Pozo (Communit\u00e0 di Via Gaggio Onlus) sirvi\u00f3 como himno de apertura.<\/p>\n<p><iframe loading=\"lazy\" src=\"https:\/\/www.youtube.com\/embed\/C4TV9x0hWig\" width=\"560\" height=\"315\" frameborder=\"0\" allowfullscreen=\"allowfullscreen\"><\/iframe><\/p>\n<p>Uno de los aspectos m\u00e1s destacados de la vigilia fue el di\u00e1logo realizado por el Padre General y el P. Gonzalo frente a nuestro Padre Fundador. Agradecieron a San Antonio Mar\u00eda Claret por haber sido la mediaci\u00f3n elegida por el Se\u00f1or para llamar a cada uno a la vida misionera. Le relataron las luchas y los esfuerzos, las debilidades de los miembros de la Congregaci\u00f3n, y las fortalezas para vivir las exigencias de la vida misionera y predicar la Palabra al mundo presente. Rezaron por toda la Familia Claretiana y por m\u00e1s vocaciones en la Congregaci\u00f3n para que podamos seguir contribuyendo a la construcci\u00f3n del Reino de Dios.<\/p>\n<p><iframe loading=\"lazy\" src=\"https:\/\/www.youtube.com\/embed\/SBADVYFSx34?start=2907\" width=\"560\" height=\"315\" frameborder=\"0\" allowfullscreen=\"allowfullscreen\"><\/iframe><\/p>\n<p>Debido a la pandemia que est\u00e1 sufriendo el mundo en este momento, las grandes celebraciones planeadas se redujeron a lo m\u00e1s simple posible: confinados en una peque\u00f1a cripta, un pu\u00f1ado de misioneros claretianos alrededor de la vela encendida que representaba a Claret. Tal vez as\u00ed es como las celebraciones est\u00e1n destinadas a ser &#8211; como la de los \u00faltimos momentos del Padre Claret en la tierra &#8211; un pu\u00f1ado de misioneros y monjes del monasterio a su alrededor.<\/p>\n<p>A pesar de encontrarse en un peque\u00f1o n\u00famero, la situaci\u00f3n tambi\u00e9n dio pie a que m\u00e1s personas celebraran el acontecimiento. Representantes de algunas de las diferentes ramas de la Familia Claretiana expresaron sus saludos y palabras de comuni\u00f3n con la Congregaci\u00f3n en manera digital. Los miembros del Gobierno General de la Congregaci\u00f3n, que no pudieron unirse f\u00edsicamente, tambi\u00e9n saludaron en el mismo formato. Toda la vigilia se retransmiti\u00f3 a trav\u00e9s del canal iClaret y la p\u00e1gina oficial de Facebook de la Congregaci\u00f3n.<\/p>\n<p>Antes de la bendici\u00f3n final, un grupo de j\u00f3venes de Chile interpret\u00f3 la canci\u00f3n \u201cMisionero Ideal\u201d que sirvi\u00f3 como himno de clausura de la vigilia.<\/p>\n<p><iframe loading=\"lazy\" src=\"https:\/\/www.youtube.com\/embed\/g9QEbFCLCRY\" width=\"560\" height=\"315\" frameborder=\"0\" allowfullscreen=\"allowfullscreen\"><\/iframe><\/p>\n<p>&nbsp;<\/p>\n<p>[envira-gallery id=\u00bb92317&#8243;]<\/p>\n<p>&nbsp;<\/p>\n<p>Facebook Video:<\/p>\n<p><iframe loading=\"lazy\" style=\"border: none; overflow: hidden;\" src=\"https:\/\/www.facebook.com\/plugins\/video.php?height=314&amp;href=https%3A%2F%2Fwww.facebook.com%2Fclaretians%2Fvideos%2F487974808829588%2F&amp;show_text=false&amp;width=560\" width=\"560\" height=\"314\" frameborder=\"0\" scrolling=\"no\" allowfullscreen=\"allowfullscreen\"><\/iframe><\/p>\n","protected":false},"excerpt":{"rendered":"<p>Vic, Espa\u00f1a. En v\u00edsperas del 150 aniversario de la muerte y solemnidad de San Antonio Mar\u00eda Claret, un peque\u00f1o grupo de misioneros claretianos se reuni\u00f3 en la cripta de nuestro amado Padre Fundador en Vic para rezar ante su sepulcro. Entre los presentes estaban el P. Mathew Vattamattam, CMF (Superior General), P. Gonzalo Fern\u00e1ndez, CMF [&hellip;]<\/p>\n","protected":false},"author":2,"featured_media":92316,"comment_status":"closed","ping_status":"closed","sticky":false,"template":"","format":"standard","meta":{"_et_pb_use_builder":"","_et_pb_old_content":"","_et_gb_content_width":"","footnotes":""},"categories":[613,533,1705],"tags":[],"class_list":["post-92421","post","type-post","status-publish","format-standard","has-post-thumbnail","hentry","category-espiritualidad-y-vida-comunitaria","category-la-congregacion","category-san-antonio-maria-claret"],"jetpack_featured_media_url":"https:\/\/i0.wp.com\/www.claret.org\/wp-content\/uploads\/2020\/10\/claret-150-1-scaled.jpg?fit=2560%2C1471&ssl=1","jetpack_sharing_enabled":true,"jetpack_shortlink":"https:\/\/wp.me\/pdaBmi-o2F","jetpack_likes_enabled":true,"_links":{"self":[{"href":"https:\/\/www.claret.org\/es\/wp-json\/wp\/v2\/posts\/92421","targetHints":{"allow":["GET"]}}],"collection":[{"href":"https:\/\/www.claret.org\/es\/wp-json\/wp\/v2\/posts"}],"about":[{"href":"https:\/\/www.claret.org\/es\/wp-json\/wp\/v2\/types\/post"}],"author":[{"embeddable":true,"href":"https:\/\/www.claret.org\/es\/wp-json\/wp\/v2\/users\/2"}],"replies":[{"embeddable":true,"href":"https:\/\/www.claret.org\/es\/wp-json\/wp\/v2\/comments?post=92421"}],"version-history":[{"count":0,"href":"https:\/\/www.claret.org\/es\/wp-json\/wp\/v2\/posts\/92421\/revisions"}],"wp:featuredmedia":[{"embeddable":true,"href":"https:\/\/www.claret.org\/es\/wp-json\/wp\/v2\/media\/92316"}],"wp:attachment":[{"href":"https:\/\/www.claret.org\/es\/wp-json\/wp\/v2\/media?parent=92421"}],"wp:term":[{"taxonomy":"category","embeddable":true,"href":"https:\/\/www.claret.org\/es\/wp-json\/wp\/v2\/categories?post=92421"},{"taxonomy":"post_tag","embeddable":true,"href":"https:\/\/www.claret.org\/es\/wp-json\/wp\/v2\/tags?post=92421"}],"curies":[{"name":"wp","href":"https:\/\/api.w.org\/{rel}","templated":true}]}}