{"id":92515,"date":"2020-10-27T18:11:06","date_gmt":"2020-10-27T17:11:06","guid":{"rendered":"https:\/\/www.claret.org\/?p=92515"},"modified":"2020-10-28T18:22:46","modified_gmt":"2020-10-28T17:22:46","slug":"renovacion-de-profesiones-en-la-provincia-de-fatima","status":"publish","type":"post","link":"https:\/\/www.claret.org\/es\/renovacion-de-profesiones-en-la-provincia-de-fatima\/","title":{"rendered":"Renovaci\u00f3n de profesiones en la Provincia de F\u00e1tima"},"content":{"rendered":"<p><strong>Granada, Espa\u00f1a.<\/strong> El pasado 24 de octubre del 2020, Solemnidad de San Antonio M\u00aa Claret y 150 aniversario de su muerte, la comunidad de Granada, a pesar de las circunstancias dif\u00edciles por las que est\u00e1 pasando a causa de la pandemia del COVID-19 que afecta a algunos de sus miembros, pudo vivir este acontecimiento importante para la congregaci\u00f3n con la celebraci\u00f3n de una Eucarist\u00eda en la que cuatro estudiantes (<strong><em>Naing Lin Htun<\/em><\/strong> de la Provincia de Filipinas, <strong><em>Jos\u00e9 Manuel Mar\u00edn Mena, Tiago Emanuel Afonso dos Ramos y V\u00edtor Emanuel Magalh\u00e3es Barbosa<\/em><\/strong>, de la Provincia de F\u00e1tima) renovaron su profesi\u00f3n de manos del P. F\u00e9lix Jes\u00fas Mart\u00ednez Lozano, Prefecto provincial de Espiritualidad y Formaci\u00f3n de F\u00e1tima.<\/p>\n<p>Bendecimos a Dios por estos misioneros en formaci\u00f3n que renovaron su consagraci\u00f3n al tiempo que le pedimos que siga enviando vocaciones a nuestra congregaci\u00f3n.<\/p>\n<p><img data-recalc-dims=\"1\" loading=\"lazy\" decoding=\"async\" data-attachment-id=\"92516\" data-permalink=\"https:\/\/www.claret.org\/es\/renovacion-de-profesiones-en-la-provincia-de-fatima\/fa-20201024-renovacion-de-profesiones-2\/\" data-orig-file=\"https:\/\/i0.wp.com\/www.claret.org\/wp-content\/uploads\/2020\/10\/FA-20201024-Renovacion-de-profesiones-2.jpg?fit=2046%2C2046&amp;ssl=1\" data-orig-size=\"2046,2046\" data-comments-opened=\"0\" data-image-meta=\"{&quot;aperture&quot;:&quot;0&quot;,&quot;credit&quot;:&quot;&quot;,&quot;camera&quot;:&quot;SM-A705FN&quot;,&quot;caption&quot;:&quot;&quot;,&quot;created_timestamp&quot;:&quot;1603569973&quot;,&quot;copyright&quot;:&quot;&quot;,&quot;focal_length&quot;:&quot;3.9200000762939&quot;,&quot;iso&quot;:&quot;0&quot;,&quot;shutter_speed&quot;:&quot;0&quot;,&quot;title&quot;:&quot;&quot;,&quot;orientation&quot;:&quot;0&quot;}\" data-image-title=\"FA-20201024 Renovaci\u00f3n de profesiones (2)\" data-image-description=\"\" data-image-caption=\"\" data-large-file=\"https:\/\/i0.wp.com\/www.claret.org\/wp-content\/uploads\/2020\/10\/FA-20201024-Renovacion-de-profesiones-2.jpg?fit=1024%2C1024&amp;ssl=1\" class=\"alignnone size-full wp-image-92516\" src=\"https:\/\/i0.wp.com\/www.claret.org\/wp-content\/uploads\/2020\/10\/FA-20201024-Renovacion-de-profesiones-2.jpg?resize=1080%2C1080&#038;ssl=1\" alt=\"\" width=\"1080\" height=\"1080\" title=\"\" srcset=\"https:\/\/i0.wp.com\/www.claret.org\/wp-content\/uploads\/2020\/10\/FA-20201024-Renovacion-de-profesiones-2.jpg?w=2046&amp;ssl=1 2046w, https:\/\/i0.wp.com\/www.claret.org\/wp-content\/uploads\/2020\/10\/FA-20201024-Renovacion-de-profesiones-2.jpg?resize=300%2C300&amp;ssl=1 300w, https:\/\/i0.wp.com\/www.claret.org\/wp-content\/uploads\/2020\/10\/FA-20201024-Renovacion-de-profesiones-2.jpg?resize=1024%2C1024&amp;ssl=1 1024w, https:\/\/i0.wp.com\/www.claret.org\/wp-content\/uploads\/2020\/10\/FA-20201024-Renovacion-de-profesiones-2.jpg?resize=150%2C150&amp;ssl=1 150w, https:\/\/i0.wp.com\/www.claret.org\/wp-content\/uploads\/2020\/10\/FA-20201024-Renovacion-de-profesiones-2.jpg?resize=768%2C768&amp;ssl=1 768w, https:\/\/i0.wp.com\/www.claret.org\/wp-content\/uploads\/2020\/10\/FA-20201024-Renovacion-de-profesiones-2.jpg?resize=1536%2C1536&amp;ssl=1 1536w, https:\/\/i0.wp.com\/www.claret.org\/wp-content\/uploads\/2020\/10\/FA-20201024-Renovacion-de-profesiones-2.jpg?resize=1080%2C1080&amp;ssl=1 1080w, https:\/\/i0.wp.com\/www.claret.org\/wp-content\/uploads\/2020\/10\/FA-20201024-Renovacion-de-profesiones-2.jpg?resize=440%2C440&amp;ssl=1 440w\" sizes=\"(max-width: 1080px) 100vw, 1080px\" \/><\/p>\n","protected":false},"excerpt":{"rendered":"<p>Granada, Espa\u00f1a. El pasado 24 de octubre del 2020, Solemnidad de San Antonio M\u00aa Claret y 150 aniversario de su muerte, la comunidad de Granada, a pesar de las circunstancias dif\u00edciles por las que est\u00e1 pasando a causa de la pandemia del COVID-19 que afecta a algunos de sus miembros, pudo vivir este acontecimiento importante [&hellip;]<\/p>\n","protected":false},"author":2,"featured_media":92522,"comment_status":"closed","ping_status":"closed","sticky":false,"template":"","format":"standard","meta":{"_et_pb_use_builder":"","_et_pb_old_content":"","_et_gb_content_width":"","footnotes":""},"categories":[316,578],"tags":[],"class_list":["post-92515","post","type-post","status-publish","format-standard","has-post-thumbnail","hentry","category-fatima-es","category-profesiones"],"jetpack_featured_media_url":"https:\/\/i0.wp.com\/www.claret.org\/wp-content\/uploads\/2020\/10\/FA-20201024-Renovacion-de-profesiones-1-scaled.jpg?fit=2560%2C1151&ssl=1","jetpack_sharing_enabled":true,"jetpack_shortlink":"https:\/\/wp.me\/pdaBmi-o4b","jetpack_likes_enabled":true,"_links":{"self":[{"href":"https:\/\/www.claret.org\/es\/wp-json\/wp\/v2\/posts\/92515","targetHints":{"allow":["GET"]}}],"collection":[{"href":"https:\/\/www.claret.org\/es\/wp-json\/wp\/v2\/posts"}],"about":[{"href":"https:\/\/www.claret.org\/es\/wp-json\/wp\/v2\/types\/post"}],"author":[{"embeddable":true,"href":"https:\/\/www.claret.org\/es\/wp-json\/wp\/v2\/users\/2"}],"replies":[{"embeddable":true,"href":"https:\/\/www.claret.org\/es\/wp-json\/wp\/v2\/comments?post=92515"}],"version-history":[{"count":0,"href":"https:\/\/www.claret.org\/es\/wp-json\/wp\/v2\/posts\/92515\/revisions"}],"wp:featuredmedia":[{"embeddable":true,"href":"https:\/\/www.claret.org\/es\/wp-json\/wp\/v2\/media\/92522"}],"wp:attachment":[{"href":"https:\/\/www.claret.org\/es\/wp-json\/wp\/v2\/media?parent=92515"}],"wp:term":[{"taxonomy":"category","embeddable":true,"href":"https:\/\/www.claret.org\/es\/wp-json\/wp\/v2\/categories?post=92515"},{"taxonomy":"post_tag","embeddable":true,"href":"https:\/\/www.claret.org\/es\/wp-json\/wp\/v2\/tags?post=92515"}],"curies":[{"name":"wp","href":"https:\/\/api.w.org\/{rel}","templated":true}]}}