{"id":92989,"date":"2020-11-11T10:21:34","date_gmt":"2020-11-11T09:21:34","guid":{"rendered":"https:\/\/www.claret.org\/preparando-la-mochila-para-el-xxvi-capitulo-general\/"},"modified":"2020-11-11T10:21:34","modified_gmt":"2020-11-11T09:21:34","slug":"preparando-la-mochila-para-el-xxvi-capitulo-general","status":"publish","type":"post","link":"https:\/\/www.claret.org\/es\/preparando-la-mochila-para-el-xxvi-capitulo-general\/","title":{"rendered":"Preparando la mochila para el XXVI Cap\u00edtulo General"},"content":{"rendered":"<p><strong>Roma, Italia.<\/strong> El Departamento de Servicios de Informaci\u00f3n de la Secretar\u00eda General encarg\u00f3 a un Equipo la preparaci\u00f3n del sitio web para la celebraci\u00f3n del XXVI Cap\u00edtulo General: <a href=\"https:\/\/www.claret.org\/xxvi\">https:\/\/www.claret.org\/xxvi<\/a>. Las secciones del Pre-Cap\u00edtulo, tanto en ingl\u00e9s como en espa\u00f1ol, ya est\u00e1n disponibles y accesibles. A medida que nos acercamos a la celebraci\u00f3n del XXVI Cap\u00edtulo General, otros idiomas y m\u00e1s materiales e informaci\u00f3n estar\u00e1n disponibles en el sitio.<\/p>\n<p>El P. Jos\u00e9 Miguel Cambero, CMF de la Provincia de Colombia-Venezuela, dise\u00f1\u00f3 el concepto del sitio y la portada. El Equipo, que tambi\u00e9n forma parte del grupo de Ciber Misioneros Claretianos supervisado por el P. Louie Guades III, CMF, est\u00e1 compuesto por: P. Nelson Thomas Puthenparambil, CMF (Jefe del Equipo &#8211; Bangalore), P. Andrzej Kobylski, CMF (Polska), Rodrigo Gonz\u00e1lez Pavez (Seglares Claretianos \/ San Jos\u00e9 del Sur), P. Jos\u00e9 Miguel Cambero, CMF (Colombia-Venezuela), el Estudiante Ronell John Recomono, CMF (San Jos\u00e9 del Sur), y el P. Eugenius Paul Madoni, CMF (Indonesia-Timor Leste). Debido al reciente nombramiento del P. Eugenius Paul como nuevo Consultor-Ec\u00f3nomo de su Organismo Mayor, el Estudiante John Paul Bernal, CMF (Philippines) ha tomado su lugar, y el P. Jo\u00ebl Nkongolo Dikuba, CMF (Congo) se unir\u00e1 pronto a ellos.<\/p>\n","protected":false},"excerpt":{"rendered":"<p>Roma, Italia. El Departamento de Servicios de Informaci\u00f3n de la Secretar\u00eda General encarg\u00f3 a un Equipo la preparaci\u00f3n del sitio web para la celebraci\u00f3n del XXVI Cap\u00edtulo General: https:\/\/www.claret.org\/xxvi. Las secciones del Pre-Cap\u00edtulo, tanto en ingl\u00e9s como en espa\u00f1ol, ya est\u00e1n disponibles y accesibles. A medida que nos acercamos a la celebraci\u00f3n del XXVI Cap\u00edtulo [&hellip;]<\/p>\n","protected":false},"author":2,"featured_media":92894,"comment_status":"closed","ping_status":"closed","sticky":false,"template":"","format":"standard","meta":{"_et_pb_use_builder":"","_et_pb_old_content":"","_et_gb_content_width":"","footnotes":""},"categories":[533,432,2519],"tags":[],"class_list":["post-92989","post","type-post","status-publish","format-standard","has-post-thumbnail","hentry","category-la-congregacion","category-tics","category-xxvi-capitulo-general"],"jetpack_featured_media_url":"https:\/\/i0.wp.com\/www.claret.org\/wp-content\/uploads\/2020\/11\/xxvicg.png?fit=1254%2C720&ssl=1","jetpack_sharing_enabled":true,"jetpack_shortlink":"https:\/\/wp.me\/pdaBmi-obP","jetpack_likes_enabled":true,"_links":{"self":[{"href":"https:\/\/www.claret.org\/es\/wp-json\/wp\/v2\/posts\/92989","targetHints":{"allow":["GET"]}}],"collection":[{"href":"https:\/\/www.claret.org\/es\/wp-json\/wp\/v2\/posts"}],"about":[{"href":"https:\/\/www.claret.org\/es\/wp-json\/wp\/v2\/types\/post"}],"author":[{"embeddable":true,"href":"https:\/\/www.claret.org\/es\/wp-json\/wp\/v2\/users\/2"}],"replies":[{"embeddable":true,"href":"https:\/\/www.claret.org\/es\/wp-json\/wp\/v2\/comments?post=92989"}],"version-history":[{"count":0,"href":"https:\/\/www.claret.org\/es\/wp-json\/wp\/v2\/posts\/92989\/revisions"}],"wp:featuredmedia":[{"embeddable":true,"href":"https:\/\/www.claret.org\/es\/wp-json\/wp\/v2\/media\/92894"}],"wp:attachment":[{"href":"https:\/\/www.claret.org\/es\/wp-json\/wp\/v2\/media?parent=92989"}],"wp:term":[{"taxonomy":"category","embeddable":true,"href":"https:\/\/www.claret.org\/es\/wp-json\/wp\/v2\/categories?post=92989"},{"taxonomy":"post_tag","embeddable":true,"href":"https:\/\/www.claret.org\/es\/wp-json\/wp\/v2\/tags?post=92989"}],"curies":[{"name":"wp","href":"https:\/\/api.w.org\/{rel}","templated":true}]}}