{"id":93902,"date":"2020-12-17T15:46:11","date_gmt":"2020-12-17T14:46:11","guid":{"rendered":"https:\/\/www.claret.org\/el-equipo-claretiano-de-las-naciones-unidas-se-une-a-la-celebracion-del-dia-internacional-de-los-derechos-humanos-youtube-live-chat-on-human-rights\/"},"modified":"2020-12-18T15:56:24","modified_gmt":"2020-12-18T14:56:24","slug":"el-equipo-claretiano-de-las-naciones-unidas-se-une-a-la-celebracion-del-dia-internacional-de-los-derechos-humanos-youtube-live-chat-on-human-rights","status":"publish","type":"post","link":"https:\/\/www.claret.org\/es\/el-equipo-claretiano-de-las-naciones-unidas-se-une-a-la-celebracion-del-dia-internacional-de-los-derechos-humanos-youtube-live-chat-on-human-rights\/","title":{"rendered":"El Equipo Claretiano de las Naciones Unidas se une a la celebraci\u00f3n del D\u00eda Internacional de los Derechos Humanos &#8211; YouTube LIVE Chat on Human Rights"},"content":{"rendered":"<p>El Equipo Claretiano en la ONU, Fondazione Proclade Internazionale-onlus, con un evento de Chat en vivo en YouTube titulado \u00abConocer &#8211; Promover &#8211; Defender los Derechos Humanos\u00bb se uni\u00f3 a las diferentes actividades programadas para marcar el D\u00eda de los Derechos Humanos. El equipo organiz\u00f3 dos Encuentros, uno en ingl\u00e9s y otro en espa\u00f1ol, el 10 de diciembre de 2020 y fue retransmitido en directo a trav\u00e9s del Canal YouTube de &#8216;Claretians UN&#8217;. Varios temas y asuntos relacionados con este d\u00eda fueron discutidos durante el evento de dos horas.<\/p>\n<p>El D\u00eda de los Derechos Humanos se celebra anualmente en todo el mundo el 10 de diciembre de cada a\u00f1o. El 10 de diciembre de 1948, la Asamblea General de las Naciones Unidas adopt\u00f3 la Declaraci\u00f3n Universal de los Derechos Humanos (DUDH). Esta declaraci\u00f3n es un documento hist\u00f3rico que proclama los derechos inalienables de cada persona como ser humano, sin importar su raza, color, religi\u00f3n, sexo, idioma, opini\u00f3n pol\u00edtica o de otra \u00edndole, origen nacional o social, posici\u00f3n econ\u00f3mica, nacimiento o cualquier otra condici\u00f3n.<\/p>\n<p>En este evento de chat EN VIVO, el moderador discuti\u00f3 con los panelistas varios temas y asuntos relacionados con los Derechos Humanos, incluyendo preguntas y aclaraciones planteadas por los espectadores.<\/p>\n<p>Los panelistas que acompa\u00f1aron a los espectadores en el evento en espa\u00f1ol fueron: Ram\u00f3n Mu\u00f1oz Castro, Director de la Red Internacional de Derechos Humanos en Ginebra, Suiza, y Gimena S\u00e1nchez de la Oficina de Washington para Am\u00e9rica Latina (WOLA)<br \/>\nBudi Tjahjono, Coordinador de Programas para Asia y el Pac\u00edfico y Director Adjunto de Promoci\u00f3n Internacional de Franciscans International, Ginebra (Suiza), y Gitahi Githuku, Coordinador de Programas, Kenya. El Servicio Mundial Jud\u00edo Americano, Nairobi (Kenya) estuvieron en el panel en ingl\u00e9s.<\/p>\n<p>Emilia Sena, Coordinadora del Equipo de Solidaridad y Misi\u00f3n de los Claretianos de Am\u00e9rica MICLA y Callistus Joseph, CMF, Superior Provincial de la Provincia Claretiana de Alemania participaron en la conversaci\u00f3n como Moderadores en espa\u00f1ol e ingl\u00e9s respectivamente.<\/p>\n<p>La charla EN VIVO comenz\u00f3 con las palabras de apertura en espa\u00f1ol por Ismael Montero Toyos, CMF, Superior Provincial de Am\u00e9rica Central y Presidente de MICLA y en ingl\u00e9s por Vincent Anes, CMF, Secretario General del Secretariado General de JPIC Claretiano.<\/p>\n<div class=\"et_pb_slider et_pb_slider_fullwidth_off et_pb_gallery_post_type\">\n\t\t\t\t<div class=\"et_pb_slides\">\n\t\t\t\t\t<div class=\"et_pb_slide\" style=\"background: url(https:\/\/www.claret.org\/wp-content\/uploads\/2020\/12\/UN-20201210-Human-Rights-2.png);\"><\/div><div class=\"et_pb_slide\" style=\"background: url(https:\/\/www.claret.org\/wp-content\/uploads\/2020\/12\/UN-20201210-Human-Rights-3.png);\"><\/div>\n\t\t\t\t<\/div>\n\t\t\t<\/div>\n<p>Esta conversaci\u00f3n compartida cubri\u00f3 las formas en que la Declaraci\u00f3n Universal de los Derechos Humanos establece una amplia gama de derechos y libertades fundamentales a los que todos tenemos derecho. Los panelistas explicaron c\u00f3mo este sistema de valores nos da poder a todos nosotros ya que fueron firmados por los Estados que se comprometieron a promoverlos, garantizarlos y defenderlos.<\/p>\n<p>En varias ocasiones durante el debate se destac\u00f3 que los principios consagrados en la Declaraci\u00f3n son tan pertinentes hoy como lo eran en 1948, en el per\u00edodo posterior a la guerra, y hoy en el per\u00edodo posterior a la Convenci\u00f3n de Viena19 .<br \/>\nEl tema elegido por las Naciones Unidas para 2020 fue: Una mejor recuperaci\u00f3n: La defensa de los derechos humanos.<\/p>\n<p>Sin duda, el tema del D\u00eda de los Derechos Humanos de este a\u00f1o estaba relacionado con la pandemia de COVID-19, y se centr\u00f3 en la necesidad de reconstruir mejor, asegurando que los derechos humanos est\u00e9n en el centro de los esfuerzos de recuperaci\u00f3n.<\/p>\n<p>Los panelistas, tanto en ingl\u00e9s como en espa\u00f1ol, demostraron c\u00f3mo los derechos humanos son la base de los Objetivos de Desarrollo Sostenible (SDG), porque sin la dignidad humana no tendr\u00edamos la esperanza y el amor para avanzar hacia el desarrollo sostenible. El progreso en todos los Objetivos de Desarrollo Sostenible impulsa los derechos humanos, al igual que el progreso en los derechos humanos impulsa estos objetivos.<\/p>\n<p><img data-recalc-dims=\"1\" loading=\"lazy\" decoding=\"async\" data-attachment-id=\"93882\" data-permalink=\"https:\/\/www.claret.org\/es\/el-equipo-claretiano-de-las-naciones-unidas-se-une-a-la-celebracion-del-dia-internacional-de-los-derechos-humanos-youtube-live-chat-on-human-rights\/2020-12-10-1-2\/\" data-orig-file=\"https:\/\/i0.wp.com\/www.claret.org\/wp-content\/uploads\/2020\/12\/2020-12-10-1.png?fit=1920%2C1080&amp;ssl=1\" data-orig-size=\"1920,1080\" data-comments-opened=\"0\" data-image-meta=\"{&quot;aperture&quot;:&quot;0&quot;,&quot;credit&quot;:&quot;&quot;,&quot;camera&quot;:&quot;&quot;,&quot;caption&quot;:&quot;&quot;,&quot;created_timestamp&quot;:&quot;0&quot;,&quot;copyright&quot;:&quot;&quot;,&quot;focal_length&quot;:&quot;0&quot;,&quot;iso&quot;:&quot;0&quot;,&quot;shutter_speed&quot;:&quot;0&quot;,&quot;title&quot;:&quot;&quot;,&quot;orientation&quot;:&quot;0&quot;}\" data-image-title=\"2020-12-10 (1)\" data-image-description=\"\" data-image-caption=\"\" data-large-file=\"https:\/\/i0.wp.com\/www.claret.org\/wp-content\/uploads\/2020\/12\/2020-12-10-1.png?fit=1024%2C576&amp;ssl=1\" class=\"alignnone size-full wp-image-93882\" src=\"https:\/\/i0.wp.com\/www.claret.org\/wp-content\/uploads\/2020\/12\/2020-12-10-1.png?resize=1080%2C608&#038;ssl=1\" alt=\"\" width=\"1080\" height=\"608\" title=\"\" srcset=\"https:\/\/i0.wp.com\/www.claret.org\/wp-content\/uploads\/2020\/12\/2020-12-10-1.png?w=1920&amp;ssl=1 1920w, https:\/\/i0.wp.com\/www.claret.org\/wp-content\/uploads\/2020\/12\/2020-12-10-1.png?resize=300%2C169&amp;ssl=1 300w, https:\/\/i0.wp.com\/www.claret.org\/wp-content\/uploads\/2020\/12\/2020-12-10-1.png?resize=1024%2C576&amp;ssl=1 1024w, https:\/\/i0.wp.com\/www.claret.org\/wp-content\/uploads\/2020\/12\/2020-12-10-1.png?resize=768%2C432&amp;ssl=1 768w, https:\/\/i0.wp.com\/www.claret.org\/wp-content\/uploads\/2020\/12\/2020-12-10-1.png?resize=1536%2C864&amp;ssl=1 1536w, https:\/\/i0.wp.com\/www.claret.org\/wp-content\/uploads\/2020\/12\/2020-12-10-1.png?resize=1080%2C608&amp;ssl=1 1080w\" sizes=\"(max-width: 1080px) 100vw, 1080px\" \/><\/p>\n<p>Este chat en directo permiti\u00f3 a los Misioneros Claretianos, otros religiosos y laicos asociados (mujeres y hombres), que a menudo se encuentran con muchas violaciones y abusos de los derechos humanos a nivel local, regional, nacional, conocer los elementos para la acci\u00f3n y la protecci\u00f3n de los derechos humanos. Tambi\u00e9n fue un espacio para expresar indignaci\u00f3n ante estas situaciones, y un compromiso para participar en su defensa y mostrar solidaridad con las v\u00edctimas.<\/p>\n<p>Los objetivos del evento fueron:<\/p>\n<ul>\n<li style=\"list-style-type: none;\">\n<ol>1. Aumentar el nivel de conciencia, conocimiento y comprensi\u00f3n de los derechos humanos, y del sistema de derechos humanos de la ONU, entre los participantes.<\/ol>\n<\/li>\n<\/ul>\n<ol>\n<li style=\"list-style-type: none;\">\n<ol>2. Participar en la acci\u00f3n de los derechos humanos, conociendo los elementos necesarios.<\/ol>\n<\/li>\n<\/ol>\n<ol>\n<li style=\"list-style-type: none;\">\n<ol>3. Comprometerse a proteger y promover los derechos humanos dondequiera que vivamos y sirvamos.<\/ol>\n<\/li>\n<li style=\"list-style-type: none;\">\n<ol>4. Construir la solidaridad y crear redes entre los que participan en la acci\u00f3n de los derechos humanos.<\/ol>\n<\/li>\n<\/ol>\n<p>En el evento se abordaron los siguientes temas: la noci\u00f3n de derechos humanos, la necesidad de procesos educativos, las convenciones e instrumentos existentes en el Sistema de Derechos Humanos de las Naciones Unidas &#8211; CDH, la situaci\u00f3n de los activistas\/defensores de los derechos humanos y su protecci\u00f3n, y el papel de la sociedad civil en la protecci\u00f3n de los derechos humanos.<\/p>\n<p>Este evento puede verse en el canal de YouTube de la \u2018Claretian UN\u2019.<\/p>\n","protected":false},"excerpt":{"rendered":"<p>El Equipo Claretiano en la ONU, Fondazione Proclade Internazionale-onlus, con un evento de Chat en vivo en YouTube titulado \u00abConocer &#8211; Promover &#8211; Defender los Derechos Humanos\u00bb se uni\u00f3 a las diferentes actividades programadas para marcar el D\u00eda de los Derechos Humanos. El equipo organiz\u00f3 dos Encuentros, uno en ingl\u00e9s y otro en espa\u00f1ol, el [&hellip;]<\/p>\n","protected":false},"author":2,"featured_media":93900,"comment_status":"closed","ping_status":"closed","sticky":false,"template":"","format":"standard","meta":{"_et_pb_use_builder":"","_et_pb_old_content":"","_et_gb_content_width":"","footnotes":""},"categories":[454],"tags":[],"class_list":["post-93902","post","type-post","status-publish","format-standard","has-post-thumbnail","hentry","category-presencia-en-la-onu"],"jetpack_featured_media_url":"https:\/\/i0.wp.com\/www.claret.org\/wp-content\/uploads\/2020\/12\/UN-20201210-Human-Rights-1.png?fit=1920%2C1080&ssl=1","jetpack_sharing_enabled":true,"jetpack_shortlink":"https:\/\/wp.me\/pdaBmi-oqy","jetpack_likes_enabled":true,"_links":{"self":[{"href":"https:\/\/www.claret.org\/es\/wp-json\/wp\/v2\/posts\/93902","targetHints":{"allow":["GET"]}}],"collection":[{"href":"https:\/\/www.claret.org\/es\/wp-json\/wp\/v2\/posts"}],"about":[{"href":"https:\/\/www.claret.org\/es\/wp-json\/wp\/v2\/types\/post"}],"author":[{"embeddable":true,"href":"https:\/\/www.claret.org\/es\/wp-json\/wp\/v2\/users\/2"}],"replies":[{"embeddable":true,"href":"https:\/\/www.claret.org\/es\/wp-json\/wp\/v2\/comments?post=93902"}],"version-history":[{"count":0,"href":"https:\/\/www.claret.org\/es\/wp-json\/wp\/v2\/posts\/93902\/revisions"}],"wp:featuredmedia":[{"embeddable":true,"href":"https:\/\/www.claret.org\/es\/wp-json\/wp\/v2\/media\/93900"}],"wp:attachment":[{"href":"https:\/\/www.claret.org\/es\/wp-json\/wp\/v2\/media?parent=93902"}],"wp:term":[{"taxonomy":"category","embeddable":true,"href":"https:\/\/www.claret.org\/es\/wp-json\/wp\/v2\/categories?post=93902"},{"taxonomy":"post_tag","embeddable":true,"href":"https:\/\/www.claret.org\/es\/wp-json\/wp\/v2\/tags?post=93902"}],"curies":[{"name":"wp","href":"https:\/\/api.w.org\/{rel}","templated":true}]}}