{"id":95464,"date":"2021-02-15T04:10:11","date_gmt":"2021-02-15T03:10:11","guid":{"rendered":"https:\/\/www.claret.org\/p-jose-manuel-carrion-barbero\/"},"modified":"2021-02-15T04:10:11","modified_gmt":"2021-02-15T03:10:11","slug":"p-jose-manuel-carrion-barbero","status":"publish","type":"post","link":"https:\/\/www.claret.org\/es\/p-jose-manuel-carrion-barbero\/","title":{"rendered":"P. JOS\u00c9 MANUEL CARRI\u00d3N BARBERO"},"content":{"rendered":"<p>Muri\u00f3 el 14 de febrero de 2021 en Medell\u00edn, Colombia.<\/p>\n<p>Ten\u00eda 83 a\u00f1os de edad.<\/p>\n<p>Pertenec\u00eda a la Provincia de Colombia-Venezuela.<\/p>\n<p>Que descanse en la Paz del Se\u00f1or.<\/p>\n","protected":false},"excerpt":{"rendered":"<p>Muri\u00f3 el 14 de febrero de 2021 en Medell\u00edn, Colombia. Ten\u00eda 83 a\u00f1os de edad. Pertenec\u00eda a la Provincia de Colombia-Venezuela. Que descanse en la Paz del Se\u00f1or.<\/p>\n","protected":false},"author":3,"featured_media":95462,"comment_status":"closed","ping_status":"closed","sticky":false,"template":"","format":"standard","meta":{"_et_pb_use_builder":"","_et_pb_old_content":"","_et_gb_content_width":"","footnotes":""},"categories":[558],"tags":[],"class_list":["post-95464","post","type-post","status-publish","format-standard","has-post-thumbnail","hentry","category-difuntos"],"jetpack_featured_media_url":"https:\/\/i0.wp.com\/www.claret.org\/wp-content\/uploads\/2021\/02\/P.-Jose-Manuel-Carrion-CMF-scaled.jpg?fit=2560%2C1707&ssl=1","jetpack_sharing_enabled":true,"jetpack_shortlink":"https:\/\/wp.me\/pdaBmi-oPK","jetpack_likes_enabled":true,"_links":{"self":[{"href":"https:\/\/www.claret.org\/es\/wp-json\/wp\/v2\/posts\/95464","targetHints":{"allow":["GET"]}}],"collection":[{"href":"https:\/\/www.claret.org\/es\/wp-json\/wp\/v2\/posts"}],"about":[{"href":"https:\/\/www.claret.org\/es\/wp-json\/wp\/v2\/types\/post"}],"author":[{"embeddable":true,"href":"https:\/\/www.claret.org\/es\/wp-json\/wp\/v2\/users\/3"}],"replies":[{"embeddable":true,"href":"https:\/\/www.claret.org\/es\/wp-json\/wp\/v2\/comments?post=95464"}],"version-history":[{"count":0,"href":"https:\/\/www.claret.org\/es\/wp-json\/wp\/v2\/posts\/95464\/revisions"}],"wp:featuredmedia":[{"embeddable":true,"href":"https:\/\/www.claret.org\/es\/wp-json\/wp\/v2\/media\/95462"}],"wp:attachment":[{"href":"https:\/\/www.claret.org\/es\/wp-json\/wp\/v2\/media?parent=95464"}],"wp:term":[{"taxonomy":"category","embeddable":true,"href":"https:\/\/www.claret.org\/es\/wp-json\/wp\/v2\/categories?post=95464"},{"taxonomy":"post_tag","embeddable":true,"href":"https:\/\/www.claret.org\/es\/wp-json\/wp\/v2\/tags?post=95464"}],"curies":[{"name":"wp","href":"https:\/\/api.w.org\/{rel}","templated":true}]}}