{"id":95822,"date":"2021-03-02T10:34:19","date_gmt":"2021-03-02T09:34:19","guid":{"rendered":"https:\/\/www.claret.org\/?p=95822"},"modified":"2021-03-02T10:34:19","modified_gmt":"2021-03-02T09:34:19","slug":"los-misioneros-claretianos-de-cameroun-celebran-el-festival-biblico","status":"publish","type":"post","link":"https:\/\/www.claret.org\/es\/los-misioneros-claretianos-de-cameroun-celebran-el-festival-biblico\/","title":{"rendered":"Los Misioneros Claretianos de Cameroun celebran el \u00abFestival B\u00edblico\u00bb"},"content":{"rendered":"<p style=\"text-align: justify;\"><strong>Yaound\u00e9, Cameroun<\/strong>. El 28 de febrero, los Misioneros Claretianos de Cameroun celebraron el <em>Festival B\u00edblico<\/em> en dos parroquias de Yaound\u00e9: la parroquia de Santos Pedro y Pablo, en Simbock, y la de los angl\u00f3fonos de la parroquia San Jos\u00e9, en Mvog-Ada.<\/p>\n<p style=\"text-align: justify;\">Este a\u00f1o, los diarios b\u00edblicos <em>Evangelium<\/em> llegaron con retraso debido a la pandemia; no obstante, los feligreses mostraron una verdadera hambre de la Palabra de Dios y acudieron al encuentro.<\/p>\n<p style=\"text-align: justify;\">Los diarios b\u00edblicos publicados por los Misioneros Claretianos de Cameroun se distribuyen oficialmente en Mal\u00ed, Burkina Faso, Costa de Marfil, Gab\u00f3n, Chad y Camer\u00fan. El objetivo sigue siendo proclamar la Buena Nueva por todos los medios posibles.<\/p>\n<p style=\"text-align: justify;\">Este a\u00f1o, la Pastoral B\u00edblica se eligi\u00f3 el tema \u00abProclamar la Buena Nueva\u00bb. Dicha pastoral celebra la Palabra de Dios y la difunde por todos los medios posibles, especialmente a trav\u00e9s de las redes sociales: WhatsApp, Facebook, YouTube, etc. El <em>Festival B\u00edblico<\/em> es una ocasi\u00f3n de celebrar, predicar la Buena Nueva y animar a la gente a vivir y practicar esta Palabra en su vida diaria.<\/p>\n<p>&nbsp;<\/p>\n<p>[envira-gallery id=\u00bb95823&#8243;]<\/p>\n","protected":false},"excerpt":{"rendered":"<p>Yaound\u00e9, Cameroun. El 28 de febrero, los Misioneros Claretianos de Cameroun celebraron el Festival B\u00edblico en dos parroquias de Yaound\u00e9: la parroquia de Santos Pedro y Pablo, en Simbock, y la de los angl\u00f3fonos de la parroquia San Jos\u00e9, en Mvog-Ada. Este a\u00f1o, los diarios b\u00edblicos Evangelium llegaron con retraso debido a la pandemia; no [&hellip;]<\/p>\n","protected":false},"author":1,"featured_media":95934,"comment_status":"closed","ping_status":"closed","sticky":false,"template":"","format":"standard","meta":{"_et_pb_use_builder":"","_et_pb_old_content":"","_et_gb_content_width":"","footnotes":""},"categories":[984,132,1097],"tags":[],"class_list":["post-95822","post","type-post","status-publish","format-standard","has-post-thumbnail","hentry","category-acla-es","category-cameroun-es","category-parroquias"],"jetpack_featured_media_url":"https:\/\/i0.wp.com\/www.claret.org\/wp-content\/uploads\/2021\/03\/CM01032021-Lenten-Bible-Festival4-1.jpeg?fit=1008%2C490&ssl=1","jetpack_sharing_enabled":true,"jetpack_shortlink":"https:\/\/wp.me\/pdaBmi-oVw","jetpack_likes_enabled":true,"_links":{"self":[{"href":"https:\/\/www.claret.org\/es\/wp-json\/wp\/v2\/posts\/95822","targetHints":{"allow":["GET"]}}],"collection":[{"href":"https:\/\/www.claret.org\/es\/wp-json\/wp\/v2\/posts"}],"about":[{"href":"https:\/\/www.claret.org\/es\/wp-json\/wp\/v2\/types\/post"}],"author":[{"embeddable":true,"href":"https:\/\/www.claret.org\/es\/wp-json\/wp\/v2\/users\/1"}],"replies":[{"embeddable":true,"href":"https:\/\/www.claret.org\/es\/wp-json\/wp\/v2\/comments?post=95822"}],"version-history":[{"count":0,"href":"https:\/\/www.claret.org\/es\/wp-json\/wp\/v2\/posts\/95822\/revisions"}],"wp:featuredmedia":[{"embeddable":true,"href":"https:\/\/www.claret.org\/es\/wp-json\/wp\/v2\/media\/95934"}],"wp:attachment":[{"href":"https:\/\/www.claret.org\/es\/wp-json\/wp\/v2\/media?parent=95822"}],"wp:term":[{"taxonomy":"category","embeddable":true,"href":"https:\/\/www.claret.org\/es\/wp-json\/wp\/v2\/categories?post=95822"},{"taxonomy":"post_tag","embeddable":true,"href":"https:\/\/www.claret.org\/es\/wp-json\/wp\/v2\/tags?post=95822"}],"curies":[{"name":"wp","href":"https:\/\/api.w.org\/{rel}","templated":true}]}}