{"id":96852,"date":"2021-03-18T12:59:52","date_gmt":"2021-03-18T11:59:52","guid":{"rendered":"https:\/\/www.claret.org\/?p=96852"},"modified":"2021-03-18T14:12:35","modified_gmt":"2021-03-18T13:12:35","slug":"equipos-biblicos-de-chile-participaron-en-el-dia-de-accion-global-por-el-clima","status":"publish","type":"post","link":"https:\/\/www.claret.org\/es\/equipos-biblicos-de-chile-participaron-en-el-dia-de-accion-global-por-el-clima\/","title":{"rendered":"EQUIPOS B\u00cdBLICOS DE CHILE PARTICIPARON EN EL D\u00cdA DE ACCI\u00d3N GLOBAL POR EL CLIMA"},"content":{"rendered":"<p style=\"text-align: justify;\"><strong>Santiago, Chile<\/strong>. El pasado 11 de marzo se realiz\u00f3 el <strong><em>D\u00eda de Acci\u00f3n Global por el Clima<\/em><\/strong> organizado por el movimiento ambiental de car\u00e1cter global de m\u00faltiples religiones <em>Greenfaith internacional<\/em>.<\/p>\n<p style=\"text-align: justify;\">Esta acci\u00f3n convoc\u00f3 a organizaciones, religiones y espirituales de todo el mundo para hacer un llamado por el cuidado de la creaci\u00f3n, bajo el lema \u00abPueblo Sagrado Tierra Sagrada\u00bb.<\/p>\n<p style=\"text-align: justify;\">Durante once minutos se realizaron distintos sonidos para despertar la atenci\u00f3n hacia la crisis clim\u00e1tica. Hubo replicar de las campanas en parroquias cat\u00f3licas y luteranas, el sonido de instrumentos sagrados en el templo de la fe Bahai, espacios de oraci\u00f3n y canto del mundo jud\u00edo y otras muchas espiritualidades.<\/p>\n<p style=\"text-align: justify;\">En Chile la acci\u00f3n principal se realiz\u00f3 en el templo de San Francisco de Santiago, donde representantes de distintas comunidades y movimientos desplegaron un lienzo.<\/p>\n<p style=\"text-align: justify;\">La provincia claretiana de San Jos\u00e9 del Sur se hizo presente gracias a la participaci\u00f3n de los equipos b\u00edblicos de Antofagasta, Copiap\u00f3, Santiago, Curic\u00f3-Mujeres y Temuco, quienes realizaron v\u00eddeos con denuncias sobre la crisis medio ambiental.<\/p>\n<p style=\"text-align: justify;\">Compartimos algunos enlaces, im\u00e1genes y v\u00eddeos con informaci\u00f3n sobre la jornada:<\/p>\n<ul>\n<li><a href=\"https:\/\/alc-noticias.net\/es\/2021\/03\/15\/con-urgencia-puntual-las-religiones-se-levantan-por-la-justicia-climatica\/\" rel=\"nofollow noopener\" target=\"_blank\">Nota de la Agencia Ecum\u00e9nica de Comunicaci\u00f3n<\/a><\/li>\n<li><a href=\"https:\/\/www.flickr.com\/photos\/192370442@N04\/\" rel=\"nofollow noopener\" target=\"_blank\">Galer\u00eda de im\u00e1genes de la jornada<\/a><\/li>\n<\/ul>\n<div class=\"epyt-video-wrapper\">\n<div  data-ep-a=\"fadeIn\"  id=\"_ytid_95419\"  width=\"1080\" height=\"608\"  data-origwidth=\"1080\" data-origheight=\"608\"  data-relstop=\"1\" data-facadesrc=\"https:\/\/www.youtube.com\/embed\/JEYgh4WAB6c?enablejsapi=1&#038;autoplay=0&#038;cc_load_policy=1&#038;cc_lang_pref=&#038;iv_load_policy=3&#038;loop=0&#038;rel=0&#038;fs=1&#038;playsinline=1&#038;autohide=2&#038;hl=es_ES&#038;theme=dark&#038;color=red&#038;controls=1&#038;disablekb=0&#038;\" class=\"__youtube_prefs__ epyt-facade  epyt-is-override  no-lazyload\" data-epautoplay=\"1\" ><img data-recalc-dims=\"1\" decoding=\"async\" data-spai-excluded=\"true\" class=\"epyt-facade-poster skip-lazy\" loading=\"lazy\" alt=\"YouTube player\" src=\"https:\/\/i0.wp.com\/i.ytimg.com\/vi\/JEYgh4WAB6c\/maxresdefault.jpg?w=1080&#038;ssl=1\" title=\"\"><button class=\"epyt-facade-play\" aria-label=\"Play\"><svg data-no-lazy=\"1\" height=\"100%\" version=\"1.1\" viewBox=\"0 0 68 48\" width=\"100%\"><path class=\"ytp-large-play-button-bg\" d=\"M66.52,7.74c-0.78-2.93-2.49-5.41-5.42-6.19C55.79,.13,34,0,34,0S12.21,.13,6.9,1.55 C3.97,2.33,2.27,4.81,1.48,7.74C0.06,13.05,0,24,0,24s0.06,10.95,1.48,16.26c0.78,2.93,2.49,5.41,5.42,6.19 C12.21,47.87,34,48,34,48s21.79-0.13,27.1-1.55c2.93-0.78,4.64-3.26,5.42-6.19C67.94,34.95,68,24,68,24S67.94,13.05,66.52,7.74z\" fill=\"#f00\"><\/path><path d=\"M 45,24 27,14 27,34\" fill=\"#fff\"><\/path><\/svg><\/button><\/div>\n<\/div>\n<p><span itemprop=\"video\" itemscope itemtype=\"http:\/\/schema.org\/VideoObject\"><meta itemprop=\"embedUrl\" content=\"https:\/\/www.youtube.com\/embed\/JEYgh4WAB6c\"><meta itemprop=\"name\" content=\"Acci\u00f3n Global por el Clima\"><meta itemprop=\"description\" content=\"YouTube video\"><meta itemprop=\"thumbnailUrl\" content=\"https:\/\/i.ytimg.com\/vi\/JEYgh4WAB6c\/0.jpg\"><meta itemprop=\"duration\" content=\"PT2M\"><meta itemprop=\"uploadDate\" content=\"2021-03-17T08:04:57Z\"><\/span><\/p>\n","protected":false},"excerpt":{"rendered":"<p>Santiago, Chile. El pasado 11 de marzo se realiz\u00f3 el D\u00eda de Acci\u00f3n Global por el Clima organizado por el movimiento ambiental de car\u00e1cter global de m\u00faltiples religiones Greenfaith internacional. Esta acci\u00f3n convoc\u00f3 a organizaciones, religiones y espirituales de todo el mundo para hacer un llamado por el cuidado de la creaci\u00f3n, bajo el lema [&hellip;]<\/p>\n","protected":false},"author":1,"featured_media":96881,"comment_status":"closed","ping_status":"closed","sticky":false,"template":"","format":"standard","meta":{"_et_pb_use_builder":"","_et_pb_old_content":"","_et_gb_content_width":"","footnotes":""},"categories":[412,394],"tags":[],"class_list":["post-96852","post","type-post","status-publish","format-standard","has-post-thumbnail","hentry","category-pastoral-biblica","category-san-jose-del-sur-es"],"jetpack_featured_media_url":"https:\/\/i0.wp.com\/www.claret.org\/wp-content\/uploads\/2021\/03\/GlobalEarthDay.jpeg?fit=999%2C709&ssl=1","jetpack_sharing_enabled":true,"jetpack_shortlink":"https:\/\/wp.me\/pdaBmi-pc8","jetpack_likes_enabled":true,"_links":{"self":[{"href":"https:\/\/www.claret.org\/es\/wp-json\/wp\/v2\/posts\/96852","targetHints":{"allow":["GET"]}}],"collection":[{"href":"https:\/\/www.claret.org\/es\/wp-json\/wp\/v2\/posts"}],"about":[{"href":"https:\/\/www.claret.org\/es\/wp-json\/wp\/v2\/types\/post"}],"author":[{"embeddable":true,"href":"https:\/\/www.claret.org\/es\/wp-json\/wp\/v2\/users\/1"}],"replies":[{"embeddable":true,"href":"https:\/\/www.claret.org\/es\/wp-json\/wp\/v2\/comments?post=96852"}],"version-history":[{"count":0,"href":"https:\/\/www.claret.org\/es\/wp-json\/wp\/v2\/posts\/96852\/revisions"}],"wp:featuredmedia":[{"embeddable":true,"href":"https:\/\/www.claret.org\/es\/wp-json\/wp\/v2\/media\/96881"}],"wp:attachment":[{"href":"https:\/\/www.claret.org\/es\/wp-json\/wp\/v2\/media?parent=96852"}],"wp:term":[{"taxonomy":"category","embeddable":true,"href":"https:\/\/www.claret.org\/es\/wp-json\/wp\/v2\/categories?post=96852"},{"taxonomy":"post_tag","embeddable":true,"href":"https:\/\/www.claret.org\/es\/wp-json\/wp\/v2\/tags?post=96852"}],"curies":[{"name":"wp","href":"https:\/\/api.w.org\/{rel}","templated":true}]}}