{"id":97218,"date":"2021-03-26T11:14:28","date_gmt":"2021-03-26T10:14:28","guid":{"rendered":"https:\/\/www.claret.org\/?p=97218"},"modified":"2021-03-26T11:28:45","modified_gmt":"2021-03-26T10:28:45","slug":"buenas-nuevas-en-el-movimiento-de-seglares-claretianos","status":"publish","type":"post","link":"https:\/\/www.claret.org\/es\/buenas-nuevas-en-el-movimiento-de-seglares-claretianos\/","title":{"rendered":"Buenas Nuevas en el Movimiento de Seglares Claretianos"},"content":{"rendered":"<p style=\"text-align: center;\"><strong>Primera comunidad de seglares claretianos en Nicaragua<\/strong><\/p>\n<p style=\"text-align: justify;\"><strong>Madriz, Nicaragua<\/strong>.  El pasado 21 de marzo, en la comunidad de Las Sabanas, departamento de Madriz, Nicaragua, despu\u00e9s de a\u00f1o y medio de discernimiento y formaci\u00f3n, fueron admitidos al Movimiento de Seglares Claretianos nueve miembros,  comunidad \u00abMadre del Amor Hermoso\u00bb.<\/p>\n<p>La celebraci\u00f3n eucar\u00edstica fue acompa\u00f1ada por la comunidad parroquial y concelebrada por los misioneros claretianos P. Marco Antonio Rangel, CMF y P. Jerem\u00edas Lemus, CMF.<\/p>\n<p style=\"text-align: center;\"><strong>25 aniversario del grupo de Tarija de Bolivia <\/strong><\/p>\n<p style=\"text-align: justify;\"><strong>Tarija, Bolivia<\/strong>. El pasado 23 de marzo la comunidad de seglares claretianos de Tarija de Bolivia celebr\u00f3 su XXV aniversario. Debido a la pandemia, la celebraci\u00f3n fue muy sencilla, pero no por ello dejaron de expresar su profundo agradecimiento a todas las personas, especialmente a los misioneros claretianos, que les han acompa\u00f1ado en esto veinticinco a\u00f1os.<\/p>\n","protected":false},"excerpt":{"rendered":"<p>Primera comunidad de seglares claretianos en Nicaragua Madriz, Nicaragua. El pasado 21 de marzo, en la comunidad de Las Sabanas, departamento de Madriz, Nicaragua, despu\u00e9s de a\u00f1o y medio de discernimiento y formaci\u00f3n, fueron admitidos al Movimiento de Seglares Claretianos nueve miembros, comunidad \u00abMadre del Amor Hermoso\u00bb. La celebraci\u00f3n eucar\u00edstica fue acompa\u00f1ada por la comunidad [&hellip;]<\/p>\n","protected":false},"author":1,"featured_media":97219,"comment_status":"closed","ping_status":"closed","sticky":false,"template":"","format":"standard","meta":{"_et_pb_use_builder":"","_et_pb_old_content":"","_et_gb_content_width":"","footnotes":""},"categories":[528],"tags":[],"class_list":["post-97218","post","type-post","status-publish","format-standard","has-post-thumbnail","hentry","category-familia-claretiana"],"jetpack_featured_media_url":"https:\/\/i0.wp.com\/www.claret.org\/wp-content\/uploads\/2021\/03\/Seglares-Claretianos-26032021.jpg?fit=700%2C400&ssl=1","jetpack_sharing_enabled":true,"jetpack_shortlink":"https:\/\/wp.me\/pdaBmi-pi2","jetpack_likes_enabled":true,"_links":{"self":[{"href":"https:\/\/www.claret.org\/es\/wp-json\/wp\/v2\/posts\/97218","targetHints":{"allow":["GET"]}}],"collection":[{"href":"https:\/\/www.claret.org\/es\/wp-json\/wp\/v2\/posts"}],"about":[{"href":"https:\/\/www.claret.org\/es\/wp-json\/wp\/v2\/types\/post"}],"author":[{"embeddable":true,"href":"https:\/\/www.claret.org\/es\/wp-json\/wp\/v2\/users\/1"}],"replies":[{"embeddable":true,"href":"https:\/\/www.claret.org\/es\/wp-json\/wp\/v2\/comments?post=97218"}],"version-history":[{"count":0,"href":"https:\/\/www.claret.org\/es\/wp-json\/wp\/v2\/posts\/97218\/revisions"}],"wp:featuredmedia":[{"embeddable":true,"href":"https:\/\/www.claret.org\/es\/wp-json\/wp\/v2\/media\/97219"}],"wp:attachment":[{"href":"https:\/\/www.claret.org\/es\/wp-json\/wp\/v2\/media?parent=97218"}],"wp:term":[{"taxonomy":"category","embeddable":true,"href":"https:\/\/www.claret.org\/es\/wp-json\/wp\/v2\/categories?post=97218"},{"taxonomy":"post_tag","embeddable":true,"href":"https:\/\/www.claret.org\/es\/wp-json\/wp\/v2\/tags?post=97218"}],"curies":[{"name":"wp","href":"https:\/\/api.w.org\/{rel}","templated":true}]}}