{"id":97836,"date":"2021-04-04T01:38:14","date_gmt":"2021-04-03T23:38:14","guid":{"rendered":"https:\/\/www.claret.org\/p-jaime-moreno-umana\/"},"modified":"2021-04-04T01:38:14","modified_gmt":"2021-04-03T23:38:14","slug":"p-jaime-moreno-umana","status":"publish","type":"post","link":"https:\/\/www.claret.org\/es\/p-jaime-moreno-umana\/","title":{"rendered":"P. JAIME MORENO UMA\u00d1A"},"content":{"rendered":"<p>Falleci\u00f3 el 3 de abril de 2021 en Bogot\u00e1, Colombia, a causa de un infarto.<\/p>\n<p>Ten\u00eda 88 a\u00f1os de edad.<\/p>\n<p>Pertenec\u00eda a la Provincia de Colombia Oriental-Ecuador.<\/p>\n<p>Que descanse en la Paz del Se\u00f1or.<\/p>\n","protected":false},"excerpt":{"rendered":"<p>Falleci\u00f3 el 3 de abril de 2021 en Bogot\u00e1, Colombia, a causa de un infarto. Ten\u00eda 88 a\u00f1os de edad. Pertenec\u00eda a la Provincia de Colombia Oriental-Ecuador. Que descanse en la Paz del Se\u00f1or.<\/p>\n","protected":false},"author":3,"featured_media":97834,"comment_status":"closed","ping_status":"closed","sticky":false,"template":"","format":"standard","meta":{"_et_pb_use_builder":"","_et_pb_old_content":"","_et_gb_content_width":"","footnotes":""},"categories":[558],"tags":[],"class_list":["post-97836","post","type-post","status-publish","format-standard","has-post-thumbnail","hentry","category-difuntos"],"jetpack_featured_media_url":"https:\/\/i0.wp.com\/www.claret.org\/wp-content\/uploads\/2021\/04\/Jaime-Moreno-Urana.jpg?fit=295%2C394&ssl=1","jetpack_sharing_enabled":true,"jetpack_shortlink":"https:\/\/wp.me\/pdaBmi-ps0","jetpack_likes_enabled":true,"_links":{"self":[{"href":"https:\/\/www.claret.org\/es\/wp-json\/wp\/v2\/posts\/97836","targetHints":{"allow":["GET"]}}],"collection":[{"href":"https:\/\/www.claret.org\/es\/wp-json\/wp\/v2\/posts"}],"about":[{"href":"https:\/\/www.claret.org\/es\/wp-json\/wp\/v2\/types\/post"}],"author":[{"embeddable":true,"href":"https:\/\/www.claret.org\/es\/wp-json\/wp\/v2\/users\/3"}],"replies":[{"embeddable":true,"href":"https:\/\/www.claret.org\/es\/wp-json\/wp\/v2\/comments?post=97836"}],"version-history":[{"count":0,"href":"https:\/\/www.claret.org\/es\/wp-json\/wp\/v2\/posts\/97836\/revisions"}],"wp:featuredmedia":[{"embeddable":true,"href":"https:\/\/www.claret.org\/es\/wp-json\/wp\/v2\/media\/97834"}],"wp:attachment":[{"href":"https:\/\/www.claret.org\/es\/wp-json\/wp\/v2\/media?parent=97836"}],"wp:term":[{"taxonomy":"category","embeddable":true,"href":"https:\/\/www.claret.org\/es\/wp-json\/wp\/v2\/categories?post=97836"},{"taxonomy":"post_tag","embeddable":true,"href":"https:\/\/www.claret.org\/es\/wp-json\/wp\/v2\/tags?post=97836"}],"curies":[{"name":"wp","href":"https:\/\/api.w.org\/{rel}","templated":true}]}}