{"id":97915,"date":"2021-04-07T15:48:37","date_gmt":"2021-04-07T13:48:37","guid":{"rendered":"https:\/\/www.claret.org\/?p=97915"},"modified":"2021-04-07T15:49:23","modified_gmt":"2021-04-07T13:49:23","slug":"reunion-online-del-grupo-de-publicaciones-claretianas","status":"publish","type":"post","link":"https:\/\/www.claret.org\/es\/reunion-online-del-grupo-de-publicaciones-claretianas\/","title":{"rendered":"Reuni\u00f3n \u00abonline\u00bb del Grupo de Publicaciones Claretianas"},"content":{"rendered":"<p style=\"text-align: justify;\"><strong>Roma, Italia<\/strong>. Veinti\u00fan miembros de las diecisiete editoriales de \u00abClaret Publishing Group\u00bb celebraron su reuni\u00f3n trienal, inicialmente programada para llevarse a cabo en Sri Lanka, v\u00eda <em>online <\/em>entre los d\u00edas 29 y el 31 de marzo.<\/p>\n<p style=\"text-align: justify;\">La reuni\u00f3n fue presidida por el P. Henry Omonisaye, Consultor General, quien desde un inicio estableci\u00f3 los tres objetivos del encuentro, a saber: 1) evaluar la vida y misi\u00f3n de las editoriales, especialmente durante el sexenio que est\u00e1 por concluir; 2) tener una grata \u00abconversaci\u00f3n\u00bb entre los miembros; 3) elaborar propuestas al XXVI Cap\u00edtulo General de la Congregaci\u00f3n.<\/p>\n<p style=\"text-align: justify;\">El Superior General, P. Mathew Vattamattam, marc\u00f3 el tono de la reuni\u00f3n con su discurso de apertura. Propuso tres claves a los editores: 1) volver al esp\u00edritu original del Padre Fundador, para quien las publicaciones eran un ministerio importante; 2) ver d\u00f3nde nos encontramos en la actualidad, a trav\u00e9s de una \u00abconversaci\u00f3n generativa\u00bb y poniendo en com\u00fan aquello que ya tenemos, dado que algunas editoriales apenas est\u00e1n empezando a caminar y otras ya cuentan con cierta experiencia; 3) aportar ideas para enriquecer las conversaciones del Cap\u00edtulo General y la conciencia de la Congregaci\u00f3n sobre la importancia de la evangelizaci\u00f3n y el ministerio de la Palabra a trav\u00e9s de las editoriales.<\/p>\n<p style=\"text-align: justify;\">En el transcurso de las sesiones, algunos participantes compartieron su experiencia en varios temas; a saber: Dharmik Rawal, experto en Marketing Digital, ilustr\u00f3 a los participantes sobre los mecanismos de b\u00fasqueda en la web y la optimizaci\u00f3n de los motores de b\u00fasqueda. Jordi Roig\u00e9 motiv\u00f3 a so\u00f1ar globalmente y a la necesidad de abrirse a una forma organizada de estar presente en el mundo digital que posibilitan Internet, los medios sociales y otras plataformas de medios de comunicaci\u00f3n.<\/p>\n<p style=\"text-align: justify;\">La reuni\u00f3n tambi\u00e9n cont\u00f3 con la participaci\u00f3n de invitados: P. Gonzalo Fern\u00e1ndez, Vicario y Prefecto General de Espiritualidad, P. Artur Teixeira, Prefecto General de Apostolado y P. Rosendo Urrabazo Superior Mayor de la Provincia de USA-Canada. El encuentro concluy\u00f3 con el di\u00e1logo de las propuestas (fruto de nuestras conversaciones) para el discernimiento del pr\u00f3ximo Cap\u00edtulo General.<\/p>\n<p style=\"text-align: right;\"><em>P. Jijo Kandamkulathy, CMF<\/em><\/p>\n","protected":false},"excerpt":{"rendered":"<p>Roma, Italia. Veinti\u00fan miembros de las diecisiete editoriales de \u00abClaret Publishing Group\u00bb celebraron su reuni\u00f3n trienal, inicialmente programada para llevarse a cabo en Sri Lanka, v\u00eda online entre los d\u00edas 29 y el 31 de marzo. La reuni\u00f3n fue presidida por el P. Henry Omonisaye, Consultor General, quien desde un inicio estableci\u00f3 los tres objetivos [&hellip;]<\/p>\n","protected":false},"author":1,"featured_media":97914,"comment_status":"closed","ping_status":"closed","sticky":false,"template":"","format":"standard","meta":{"_et_pb_use_builder":"","_et_pb_old_content":"","_et_gb_content_width":"","footnotes":""},"categories":[256,607],"tags":[],"class_list":["post-97915","post","type-post","status-publish","format-standard","has-post-thumbnail","hentry","category-claret-publishing-group-es","category-tablero"],"jetpack_featured_media_url":"https:\/\/i0.wp.com\/www.claret.org\/wp-content\/uploads\/2021\/04\/Publishing-group-1.jpg?fit=700%2C400&ssl=1","jetpack_sharing_enabled":true,"jetpack_shortlink":"https:\/\/wp.me\/pdaBmi-pth","jetpack_likes_enabled":true,"_links":{"self":[{"href":"https:\/\/www.claret.org\/es\/wp-json\/wp\/v2\/posts\/97915","targetHints":{"allow":["GET"]}}],"collection":[{"href":"https:\/\/www.claret.org\/es\/wp-json\/wp\/v2\/posts"}],"about":[{"href":"https:\/\/www.claret.org\/es\/wp-json\/wp\/v2\/types\/post"}],"author":[{"embeddable":true,"href":"https:\/\/www.claret.org\/es\/wp-json\/wp\/v2\/users\/1"}],"replies":[{"embeddable":true,"href":"https:\/\/www.claret.org\/es\/wp-json\/wp\/v2\/comments?post=97915"}],"version-history":[{"count":0,"href":"https:\/\/www.claret.org\/es\/wp-json\/wp\/v2\/posts\/97915\/revisions"}],"wp:featuredmedia":[{"embeddable":true,"href":"https:\/\/www.claret.org\/es\/wp-json\/wp\/v2\/media\/97914"}],"wp:attachment":[{"href":"https:\/\/www.claret.org\/es\/wp-json\/wp\/v2\/media?parent=97915"}],"wp:term":[{"taxonomy":"category","embeddable":true,"href":"https:\/\/www.claret.org\/es\/wp-json\/wp\/v2\/categories?post=97915"},{"taxonomy":"post_tag","embeddable":true,"href":"https:\/\/www.claret.org\/es\/wp-json\/wp\/v2\/tags?post=97915"}],"curies":[{"name":"wp","href":"https:\/\/api.w.org\/{rel}","templated":true}]}}