{"id":98350,"date":"2021-04-19T10:15:47","date_gmt":"2021-04-19T08:15:47","guid":{"rendered":"https:\/\/www.claret.org\/encuentro-de-quinquenio-2021-provincia-de-east-nigeria\/"},"modified":"2021-04-19T10:21:35","modified_gmt":"2021-04-19T08:21:35","slug":"encuentro-de-quinquenio-2021-provincia-de-east-nigeria","status":"publish","type":"post","link":"https:\/\/www.claret.org\/es\/encuentro-de-quinquenio-2021-provincia-de-east-nigeria\/","title":{"rendered":"ENCUENTRO DE QUINQUENIO 2021 \u2013 PROVINCIA DE EAST NIGERIA"},"content":{"rendered":"<p style=\"text-align: justify;\"><strong>Nekede, Nigeria<\/strong>. El Encuentro de Quinquenio de la Provincia de East Nigeria para el a\u00f1o 2021 tuvo lugar del 12 al 16 de abril en Maryland Nekede, Nigeria. El encuentro cont\u00f3 con doce participantes: los padres Dominic Ukpong, Uche Cletus, Uwakwe Dennis, Anyaebosim Emmanuel, Ekwems Henry, Onele Paul, Onele Peter, Orazulume Valentine, Madunagu Michael, Obiadazie Augustine, Okonkwo Charles and Okoye Vincent, CMFF.<\/p>\n<p style=\"text-align: justify;\">Las actividades del encuentro incluyeron la celebraci\u00f3n diaria de la Santa Misa con Laudes, el intercambio de experiencias de apostolado y la adoraci\u00f3n eucar\u00edstica con el rezo de V\u00edsperas. El facilitador del encuentro fue el padre Kenneth Oguejiofor, CMF, Prefecto Provincial de Formaci\u00f3n. Sus reflexiones tem\u00e1ticas se centraron en la vida com\u00fan fecunda y la conciencia de seguridad.<\/p>\n<p style=\"text-align: justify;\">El padre Emmanuel Edeh, CMF tambi\u00e9n comparti\u00f3 algunas reflexiones sobre las Constituciones, vividas desde su experiencia como misionero claretiano. Anim\u00f3 a los participantes a ser conscientes de los primeros cinco a\u00f1os de nuestro ministerio sacerdotal dedicando todo su trabajo y ser a la gloria de Dios, la santificaci\u00f3n de nuestras almas y la salvaci\u00f3n del mundo.<\/p>\n<p style=\"text-align: justify;\">La clausura del Quinquenio 2021 se celebr\u00f3 con una noche de gala. La Celebraci\u00f3n Eucar\u00edstica de clausura fue presidida por el Superior Provincial, P. Simeon Nwobi, CMF. AL final, todos los participantes expresaron haber disfrutado del encuentro llenos del Esp\u00edritu.<\/p>\n<p style=\"text-align: right;\"><em><strong>P. Michael Edwin Madunagu, CMF<\/strong><\/em><\/p>\n<p>&nbsp;<\/p>\n<p>[envira-gallery id=\u00bb98226&#8243;]<\/p>\n<p style=\"text-align: right;\">\n","protected":false},"excerpt":{"rendered":"<p>Nekede, Nigeria. El Encuentro de Quinquenio de la Provincia de East Nigeria para el a\u00f1o 2021 tuvo lugar del 12 al 16 de abril en Maryland Nekede, Nigeria. El encuentro cont\u00f3 con doce participantes: los padres Dominic Ukpong, Uche Cletus, Uwakwe Dennis, Anyaebosim Emmanuel, Ekwems Henry, Onele Paul, Onele Peter, Orazulume Valentine, Madunagu Michael, Obiadazie [&hellip;]<\/p>\n","protected":false},"author":1,"featured_media":98225,"comment_status":"closed","ping_status":"closed","sticky":false,"template":"","format":"standard","meta":{"_et_pb_use_builder":"","_et_pb_old_content":"","_et_gb_content_width":"","footnotes":""},"categories":[142,500,623],"tags":[],"class_list":["post-98350","post","type-post","status-publish","format-standard","has-post-thumbnail","hentry","category-east-nigeria-es","category-formacion","category-formacion-permanente"],"jetpack_featured_media_url":"https:\/\/i0.wp.com\/www.claret.org\/wp-content\/uploads\/2021\/04\/East-Nigeria.png?fit=700%2C400&ssl=1","jetpack_sharing_enabled":true,"jetpack_shortlink":"https:\/\/wp.me\/pdaBmi-pAi","jetpack_likes_enabled":true,"_links":{"self":[{"href":"https:\/\/www.claret.org\/es\/wp-json\/wp\/v2\/posts\/98350","targetHints":{"allow":["GET"]}}],"collection":[{"href":"https:\/\/www.claret.org\/es\/wp-json\/wp\/v2\/posts"}],"about":[{"href":"https:\/\/www.claret.org\/es\/wp-json\/wp\/v2\/types\/post"}],"author":[{"embeddable":true,"href":"https:\/\/www.claret.org\/es\/wp-json\/wp\/v2\/users\/1"}],"replies":[{"embeddable":true,"href":"https:\/\/www.claret.org\/es\/wp-json\/wp\/v2\/comments?post=98350"}],"version-history":[{"count":0,"href":"https:\/\/www.claret.org\/es\/wp-json\/wp\/v2\/posts\/98350\/revisions"}],"wp:featuredmedia":[{"embeddable":true,"href":"https:\/\/www.claret.org\/es\/wp-json\/wp\/v2\/media\/98225"}],"wp:attachment":[{"href":"https:\/\/www.claret.org\/es\/wp-json\/wp\/v2\/media?parent=98350"}],"wp:term":[{"taxonomy":"category","embeddable":true,"href":"https:\/\/www.claret.org\/es\/wp-json\/wp\/v2\/categories?post=98350"},{"taxonomy":"post_tag","embeddable":true,"href":"https:\/\/www.claret.org\/es\/wp-json\/wp\/v2\/tags?post=98350"}],"curies":[{"name":"wp","href":"https:\/\/api.w.org\/{rel}","templated":true}]}}