{"id":99824,"date":"2021-05-26T17:04:04","date_gmt":"2021-05-26T15:04:04","guid":{"rendered":"https:\/\/www.claret.org\/?p=99824"},"modified":"2021-05-26T17:27:45","modified_gmt":"2021-05-26T15:27:45","slug":"50o-semana-nacional-para-institutos-de-vida-consagrada-los-consagrados-don-de-vida-en-la-iglesia-y-en-el-tejido-social","status":"publish","type":"post","link":"https:\/\/www.claret.org\/es\/50o-semana-nacional-para-institutos-de-vida-consagrada-los-consagrados-don-de-vida-en-la-iglesia-y-en-el-tejido-social\/","title":{"rendered":"50\u00ba Semana Nacional para Institutos de Vida Consagrada: Los consagrados, don de vida en la Iglesia y en el tejido social"},"content":{"rendered":"<p><strong>Madrid, Espa\u00f1a<\/strong>. Aquellas Semanas Nacionales para Institutos de Vida Consagrada que en a\u00f1os anteriores precedieron a la celebrada este a\u00f1o vinieron marcadas por diversos acontecimientos eclesiales, como el A\u00f1o de la Vida Consagrada, el A\u00f1o de la Misericordia o el S\u00ednodo de los J\u00f3venes. Podr\u00edamos recordar con cari\u00f1o especial la presencia del <a href=\"https:\/\/www.claretianos.es\/noticias\/06-06-2016\/video-resumen-45a-semana-nacional-institutos-vida-consagrada\" rel=\"nofollow noopener\" target=\"_blank\">cardenal Luis Antonio Tagle<\/a> en 2015. O la visita del cardenal Philippe <a href=\"https:\/\/www.claretianos.es\/noticias\/24-03-2017\/itvr-organiza-su-46a-semana-institutos-vida-consagrada\" rel=\"nofollow noopener\" target=\"_blank\">Barbarin<\/a>, ambos hombres de personalidad extraordinaria, con una visi\u00f3n eclesial universal y una alta formaci\u00f3n teol\u00f3gica.<\/p>\n<p>Este a\u00f1o, la tradicional cita para los religiosos en Espa\u00f1a, organizada por el Instituto Teol\u00f3gico de Vida Religiosa (ITVR) cont\u00f3 con un doble impulso, <em>ad intra<\/em> y <em>ad extra<\/em>. El primero obligaba a hacer memoria agradecida por estos primeros cincuenta a\u00f1os de vida del instituto, unas bodas de oro que invitaban a recordar que las puertas del ITVR han permanecido siempre abiertas para la b\u00fasqueda, el di\u00e1logo y el mutuo apoyo en el seguimiento de Jes\u00fas y en el anuncio de su Evangelio del Reino. El segundo, gir\u00f3 en torno a la urgencia misionera de una vida consagrada que se mueve, testimonia y trabaja en medio de la sociedad contribuyendo de una manera determinante a la construcci\u00f3n del bien com\u00fan. Tambi\u00e9n ante el coronavirus. La interdependencia y la solidaridad se nos han hecho m\u00e1s presentes e imprescindibles que nunca.<\/p>\n<p>La crisis del covid-19 nos ha ense\u00f1ado que ser comunidad significa estar permanentemente unidos en comuni\u00f3n eclesial para la vida del mundo. Y bajo estos par\u00e1metros fue planificada la 50\u00ba Semana Nacional para Institutos de Vida Consagrada, que tuvo lugar del 17 al 22 de mayo, en los d\u00edas previos a Pentecost\u00e9s. Seis d\u00edas de enjundiosas reflexiones y s\u00f3lida formaci\u00f3n, retransmitidas por primera vez de modo cien por cien <em>online<\/em>, y que contaron con <a href=\"http:\/\/www.itvr.org\/noticias\/papa-francisco-%E2%80%9Cestoy-cerca-de-ustedes-en-esta-50%C2%BA-semana-nacional-para-institutos-de-vida\" rel=\"nofollow noopener\" target=\"_blank\">la palabra y cercan\u00eda de, entre otros, el papa Francisco, <\/a>los cardenales Jo\u00e3o Braz de Aviz, Crist\u00f3bal L\u00f3pez Romero, o Aquilino Bocos Merino, y tambi\u00e9n de otros misioneros claretianos de acreditada solvencia acad\u00e9mica y amplia experiencia docente, como Gonzalo Fern\u00e1ndez Sanz, Jos\u00e9 Mar\u00eda Vegas o Manuel Jes\u00fas Arroba Conde.<\/p>\n<p>Un programa, por tanto, estructurado en torno a una propuesta de actualidad dif\u00edcilmente superable: \u2018Consagrados para la vida del mundo\u2019. <a href=\"https:\/\/www.claretianos.es\/noticias\/14-04-2021\/semana-nacional-vida-religiosa-este-ano-abre-su-matricula\" rel=\"nofollow noopener\" target=\"_blank\">En palabras del director del ITVR, Dr. Antonio Bellella Cardiel, <\/a>organizador de estos d\u00edas, \u00abcon estas jornadas queremos ofrecer una peque\u00f1a provocaci\u00f3n: consagrados por, en y para el mundo y la vida del mundo\u00bb, pues \u00abnuestra forma de vida, nuestras \u00f3rdenes y congregaciones no est\u00e1n fuera de la sociedad\u00bb.<\/p>\n<p><em><strong>Sentire cum Ecclesia<\/strong><\/em><\/p>\n<p>Efectivamente, los consagrados se mueven y trabajan en medio de la sociedad y para reflexionar sobre esta llamada a ser fermento evang\u00e9lico para el mundo, se reservaron el primer y el \u00faltimo d\u00eda de conferencias. As\u00ed, el lunes 17, Mons. Luis \u00c1ngel de las Heras, obispo de Le\u00f3n y religioso claretiano contribuy\u00f3 con una charla que llev\u00f3 por t\u00edtulo <a href=\"http:\/\/www.itvr.org\/noticias\/conferencia-17-de-mayo-luis-%C3%A1ngel-de-las-heras-%E2%80%9Cla-vida-religiosa-tiene-espacio-holgado\" rel=\"nofollow noopener\" target=\"_blank\">\u2018La vida consagrada al paso del Pueblo de Dios\u2019<\/a>. Por su parte, la que pronunci\u00f3 el \u00faltimo d\u00eda el P. Gonzalo Fern\u00e1ndez Sanz, CMF, Prefecto General de Espiritualidad, gir\u00f3 en torno a <a href=\"http:\/\/www.itvr.org\/noticias\/gonzalo-fern%C3%A1ndez-sanz-cmf-%E2%80%9Cel-nuevo-paradigma-digital-no-altera-la-sustancia-de-un-estilo\" rel=\"nofollow noopener\" target=\"_blank\">la necesidad de mayor hondura espiritual <\/a>para continuar siendo palabra de servicio, autenticidad y testimonio. Marta Garc\u00eda, profesora de la Universidad de Comillas, <a href=\"http:\/\/www.itvr.org\/noticias\/marta-garc%C3%ADa-fern%C3%A1ndez-%E2%80%9Ccuando-el-dolor-del-hermano-se-tat%C3%BAa-en-la-piel-comienza-la\" rel=\"nofollow noopener\" target=\"_blank\">incidi\u00f3 en la dimensi\u00f3n prof\u00e9tica<\/a>. \u201cPor eso la vida consagrada no puede vivir con miedo. Si lo hiciera estar\u00eda permitiendo que la verdad quede aprisionada en la mentira\u201d.<\/p>\n<p>Otros ecos especialmente positivos se dieron tras <a href=\"http:\/\/www.itvr.org\/noticias\/sentire-cum-christo-et-cum-ecclesia-primer-coloquio-de-la-50%C2%BA-semana-nacional-%E2%80%9Cdesde-el\" rel=\"nofollow noopener\" target=\"_blank\">las intervenciones que desde Roma <\/a>ofrecieron tanto el Superior General de la Compa\u00f1\u00eda de Jes\u00fas y de la Uni\u00f3n de Superiores Generales, el P. Arturo Sosa como el Prefecto de la Congregaci\u00f3n para Institutos de Vida Consagrada y Sociedades de Vida Apost\u00f3lica, el Card. Jo\u00e3o Braz de Aviz y la presidenta de la Uni\u00f3n Internacional de Superioras Generales, la M. Jolanta Kafka, religiosa claretiana. Y, sobre todo, las palabras de aliento del Romano Pont\u00edfice, el papa Francisco, que adem\u00e1s tuvo un reconocimiento agradecido a la labor del Card. Aquilino Bocos en pro de los consagrados del mundo entero.<\/p>\n<p><strong>La vida consagrada en el tejido social<\/strong><\/p>\n<p>Entre medias, durante los d\u00edas del martes, mi\u00e9rcoles, jueves y viernes, se confront\u00f3 la vida consagrada con el tejido social desde las realidades donde los religiosos quieren seguir estando presentes. Desde Am\u00e9rica del Norte y del Sur se conectaron las religiosas Liliana Franco y Teresa Maya, que <a href=\"http:\/\/www.itvr.org\/noticias\/signos-de-vida-de-esperanza-de-vida-consagrada-activa-y-actuante\" rel=\"nofollow noopener\" target=\"_blank\">ofrecieron un panel <\/a>junto a Xiskya Valladares en torno a la vida religiosa como casa de cuidados y trabajo en red. Ese mismo d\u00eda, en la misi\u00f3n que esta provincia claretiana tiene en Rusia, ofreci\u00f3 su conferencia el P. Vegas, <a href=\"http:\/\/www.itvr.org\/noticias\/jos%C3%A9-mar%C3%ADa-vegas-%E2%80%9Cdefender-y-reivindicar-valores-objetivos-y-exigentes-es-verdadera\" rel=\"nofollow noopener\" target=\"_blank\">al hilo de los valores sobre los que se asientan nuestras sociedades posmodernas.<\/a> Para repensar las labores asistenciales de la Iglesia en sus tareas de cuidar, curar y ense\u00f1ar <a href=\"http:\/\/www.itvr.org\/noticias\/ense%C3%B1ar-curar-y-predicar-actualizar-la-misi%C3%B3n-del-se%C3%B1or\" rel=\"nofollow noopener\" target=\"_blank\">se cont\u00f3 con voces <\/a>como las del jesuita Alberto Ares, del Servicio Jesuita a Migrantes, la de Pedro Jos\u00e9 Huerta Nu\u00f1o, Secretario General de Escuelas Cat\u00f3licas o la Hna. Carmen Mora, Superiora General de las Hermanas de la Caridad de Santa Ana. De periferias tambi\u00e9n nos habl\u00f3 el Card. Crist\u00f3bal L\u00f3pez Romero, desde Marruecos. La suya <a href=\"http:\/\/www.itvr.org\/noticias\/card-crist%C3%B3bal-l%C3%B3pez-romero-sdb-%E2%80%9Cyo-soy-yo-y-mis-periferias-y-si-no-las-salvo-ellas-no-me\" rel=\"nofollow noopener\" target=\"_blank\">fue una intervenci\u00f3n <\/a>basada en el testimonio y la experiencia como religioso salesiano. \u00abLa evangelizaci\u00f3n es, antes que cualquier cosa, una cuesti\u00f3n de testimonio\u00bb. \u00abA trav\u00e9s de un testimonio sin palabras tambi\u00e9n se plantean interrogantes irresistibles. Evangelizar no es cuesti\u00f3n de boquilla, de micr\u00f3fono y altavoz. Es cuesti\u00f3n vital\u00bb, exhort\u00f3.<\/p>\n<p>Tambi\u00e9n <a href=\"http:\/\/www.itvr.org\/noticias\/p-manuel-arroba-conde-%E2%80%9Clas-familias-esperan-de-los-consagrados-un-mayor-empuje-y-m%C3%A1s\" rel=\"nofollow noopener\" target=\"_blank\">hubo un momento dedicado a las relaciones entre la vida consagrada y la familia,<\/a> y para ello se cont\u00f3 con un conferenciante de primer orden, el P. Manuel Jes\u00fas Arroba Conde, CMF, Decano del Instituto Teol\u00f3gico Juan Pablo II de Madrid. Y como viene siendo habitual en las \u00faltimas ediciones de la Semana de Vida Religiosa, se abri\u00f3 un espacio para otras formas de consagraci\u00f3n. En concreto, el mi\u00e9rcoles fue un d\u00eda dedicado a la <a href=\"http:\/\/www.itvr.org\/noticias\/mar%C3%ADa-jos%C3%A9-castej%C3%B3n-%E2%80%9Cla-secularidad-consagrada-sigue-las-huellas-de-jes%C3%BAs%E2%80%9D\" rel=\"nofollow noopener\" target=\"_blank\">\u2018secularidad consagrada\u2019 <\/a>con intervenciones como la de la presidenta de CEDIS, Mar\u00eda Jos\u00e9 Castej\u00f3n Giner, y el coloquio posterior entre Lucio Arnaiz, Responsable de los sacerdotes del Prado, Margarita Salda\u00f1a, de las Hermanitas del Sagrado Coraz\u00f3n de Carlos de Foucauld, y la hermana Teresa Rodr\u00edguez, de la fraternidad Misionera Verbum Dei.<\/p>\n<p>Para clausurar estos d\u00edas de reflexi\u00f3n y encuentro que contaron con la asistencia de m\u00e1s de dos mil consagrados de los cinco continentes, tomaron la palabra los cardenales Bocos y Osoro. Este \u00faltimo, el tambi\u00e9n arzobispo de Madrid, lo hizo<a href=\"http:\/\/www.itvr.org\/noticias\/card-osoro-los-religiosos-%E2%80%9Cseguid-alumbrando-el-rostro-de-dios-al-mundo%E2%80%9D\" rel=\"nofollow noopener\" target=\"_blank\"> con un discurso cercano<\/a> y un celo pastoral acorde al ejercicio de su ministerio, desde que hace seis a\u00f1os comenzara en esta di\u00f3cesis con un cari\u00f1o especial por la vida consagrada en general y por el Instituto en particular. Finalmente, <a href=\"http:\/\/www.itvr.org\/noticias\/cardenal-aquilino-bocos-merino-%E2%80%9Cla-vida-consagrada-es-una-realidad-viva-que-camina-una-con\" rel=\"nofollow noopener\" target=\"_blank\">el cardenal Bocos Merino<\/a> acert\u00f3 a resumir que \u00abestas jornadas han mostrado que la vida consagrada es una realidad viva que camina a una con el Pueblo de Dios\u00bb. Seguidamente, complet\u00f3 diciendo: \u00abLa vida consagrada es puro milagro y tiene futuro porque es obra del Esp\u00edritu. Nadie la puede legitimar desde el esfuerzo humano\u00bb. Por \u00faltimo, intervino el misionero Antonio Bellella, que en nombre del ITVR, concluy\u00f3: \u00abQuien conoce la vida consagrada por dentro no puede negar algunas evidencias que apuntan a que algo nuevo est\u00e1 naciendo y que en esta Semana ha encontrado un espacio para presencializarse\u00bb.<\/p>\n<p><strong>Con amplio equipo de personas<\/strong><\/p>\n<p>Esta edici\u00f3n de la Semana, primera <em>online<\/em>, no ha sido una excepci\u00f3n. Dando pie a algo que los participantes llevan d\u00e9cadas elogiando y agradeciendo, lo visible ha sido posible gracias a lo invisible. Una decena larga de profesores del Instituto y de su escuela hermana (Regina Apostolorum) fueron tomando la palabra como moderadores y presentadores. Un amplio equipo de personas, laicos y religiosos, han trabajado en el buen funcionamiento t\u00e9cnico de las retransmisiones y en su presentaci\u00f3n a los medios de comunicaci\u00f3n. Varios cientos de personas enriquecieron los coloquios y reflexiones con sus comentarios online y no pocas los respaldaron con su oraci\u00f3n, elemento tambi\u00e9n muy cuidado en cada una de las sesiones. El grupo de m\u00fasica Ain Karen, ligado a la familia Vedruna y muestra en s\u00ed mismo de colaboraci\u00f3n intercongregacional, puso tambi\u00e9n su grano de arena a la buena marcha de la semana, seguida por primera vez, gracias a la tecnolog\u00eda, desde los cinco continentes.<\/p>\n<p>Como tan a menudo pasa en el mundo universitario, la clausura de la 50\u00aa Semana Nacional para Institutos de Vida Consagrada ha supuesto el inicio de su edici\u00f3n n\u00famero cincuenta y uno. \u00a1Adelante, a seguir disfrutando en el camino!<\/p>\n<p style=\"text-align: right;\"><em>Tomado de \u00a9 Misioneros Claretianos Provincia de Santiago<\/em><\/p>\n","protected":false},"excerpt":{"rendered":"<p>Madrid, Espa\u00f1a. Aquellas Semanas Nacionales para Institutos de Vida Consagrada que en a\u00f1os anteriores precedieron a la celebrada este a\u00f1o vinieron marcadas por diversos acontecimientos eclesiales, como el A\u00f1o de la Vida Consagrada, el A\u00f1o de la Misericordia o el S\u00ednodo de los J\u00f3venes. Podr\u00edamos recordar con cari\u00f1o especial la presencia del cardenal Luis Antonio [&hellip;]<\/p>\n","protected":false},"author":1,"featured_media":99827,"comment_status":"closed","ping_status":"closed","sticky":false,"template":"","format":"standard","meta":{"_et_pb_use_builder":"","_et_pb_old_content":"","_et_gb_content_width":"","footnotes":""},"categories":[1927,613,417,341],"tags":[],"class_list":["post-99824","post","type-post","status-publish","format-standard","has-post-thumbnail","hentry","category-25-y-50-aniversarios","category-espiritualidad-y-vida-comunitaria","category-vida-consagrada","category-santiago-es"],"jetpack_featured_media_url":"https:\/\/i0.wp.com\/www.claret.org\/wp-content\/uploads\/2021\/05\/ITVR.png?fit=700%2C400&ssl=1","jetpack_sharing_enabled":true,"jetpack_shortlink":"https:\/\/wp.me\/pdaBmi-pY4","jetpack_likes_enabled":true,"_links":{"self":[{"href":"https:\/\/www.claret.org\/es\/wp-json\/wp\/v2\/posts\/99824","targetHints":{"allow":["GET"]}}],"collection":[{"href":"https:\/\/www.claret.org\/es\/wp-json\/wp\/v2\/posts"}],"about":[{"href":"https:\/\/www.claret.org\/es\/wp-json\/wp\/v2\/types\/post"}],"author":[{"embeddable":true,"href":"https:\/\/www.claret.org\/es\/wp-json\/wp\/v2\/users\/1"}],"replies":[{"embeddable":true,"href":"https:\/\/www.claret.org\/es\/wp-json\/wp\/v2\/comments?post=99824"}],"version-history":[{"count":0,"href":"https:\/\/www.claret.org\/es\/wp-json\/wp\/v2\/posts\/99824\/revisions"}],"wp:featuredmedia":[{"embeddable":true,"href":"https:\/\/www.claret.org\/es\/wp-json\/wp\/v2\/media\/99827"}],"wp:attachment":[{"href":"https:\/\/www.claret.org\/es\/wp-json\/wp\/v2\/media?parent=99824"}],"wp:term":[{"taxonomy":"category","embeddable":true,"href":"https:\/\/www.claret.org\/es\/wp-json\/wp\/v2\/categories?post=99824"},{"taxonomy":"post_tag","embeddable":true,"href":"https:\/\/www.claret.org\/es\/wp-json\/wp\/v2\/tags?post=99824"}],"curies":[{"name":"wp","href":"https:\/\/api.w.org\/{rel}","templated":true}]}}