{"id":101247,"date":"2021-06-25T18:04:01","date_gmt":"2021-06-25T16:04:01","guid":{"rendered":"https:\/\/www.claret.org\/p-jean-baptiste-biluki-yowani\/"},"modified":"2021-06-25T18:04:01","modified_gmt":"2021-06-25T16:04:01","slug":"p-jean-baptiste-biluki-yowani","status":"publish","type":"post","link":"https:\/\/www.claret.org\/fr\/p-jean-baptiste-biluki-yowani\/","title":{"rendered":"P. JEAN BAPTISTE BILUKI YOWANI"},"content":{"rendered":"<p>Il est d\u00e9c\u00e9d\u00e9 le 25 juin 2021 \u00e0 Kinshasa, en R\u00e9publique d\u00e9mocratique du Congo, des suites d&rsquo;un probl\u00e8me cardiaque et de Covid-19.<\/p>\n<p>Il \u00e9tait \u00e2g\u00e9 de 42 ans.<\/p>\n<p>Il appartenait \u00e0 la D\u00e9l\u00e9gation du Congo.<\/p>\n<p>Qu&rsquo;il repose dans la Paix du Seigneur.<\/p>\n","protected":false},"excerpt":{"rendered":"<p>Il est d\u00e9c\u00e9d\u00e9 le 25 juin 2021 \u00e0 Kinshasa, en R\u00e9publique d\u00e9mocratique du Congo, des suites d&rsquo;un probl\u00e8me cardiaque et de Covid-19. Il \u00e9tait \u00e2g\u00e9 de 42 ans. Il appartenait \u00e0 la D\u00e9l\u00e9gation du Congo. Qu&rsquo;il repose dans la Paix du Seigneur.<\/p>\n","protected":false},"author":3,"featured_media":101240,"comment_status":"closed","ping_status":"closed","sticky":false,"template":"","format":"standard","meta":{"_et_pb_use_builder":"","_et_pb_old_content":"","_et_gb_content_width":"","footnotes":""},"categories":[559],"tags":[],"class_list":["post-101247","post","type-post","status-publish","format-standard","has-post-thumbnail","hentry","category-decede"],"jetpack_featured_media_url":"https:\/\/i0.wp.com\/www.claret.org\/wp-content\/uploads\/2021\/06\/Jean-Baptiste-Biluki-Yowani.jpeg?fit=389%2C524&ssl=1","jetpack_sharing_enabled":true,"jetpack_shortlink":"https:\/\/wp.me\/pdaBmi-ql1","jetpack_likes_enabled":true,"_links":{"self":[{"href":"https:\/\/www.claret.org\/fr\/wp-json\/wp\/v2\/posts\/101247","targetHints":{"allow":["GET"]}}],"collection":[{"href":"https:\/\/www.claret.org\/fr\/wp-json\/wp\/v2\/posts"}],"about":[{"href":"https:\/\/www.claret.org\/fr\/wp-json\/wp\/v2\/types\/post"}],"author":[{"embeddable":true,"href":"https:\/\/www.claret.org\/fr\/wp-json\/wp\/v2\/users\/3"}],"replies":[{"embeddable":true,"href":"https:\/\/www.claret.org\/fr\/wp-json\/wp\/v2\/comments?post=101247"}],"version-history":[{"count":0,"href":"https:\/\/www.claret.org\/fr\/wp-json\/wp\/v2\/posts\/101247\/revisions"}],"wp:featuredmedia":[{"embeddable":true,"href":"https:\/\/www.claret.org\/fr\/wp-json\/wp\/v2\/media\/101240"}],"wp:attachment":[{"href":"https:\/\/www.claret.org\/fr\/wp-json\/wp\/v2\/media?parent=101247"}],"wp:term":[{"taxonomy":"category","embeddable":true,"href":"https:\/\/www.claret.org\/fr\/wp-json\/wp\/v2\/categories?post=101247"},{"taxonomy":"post_tag","embeddable":true,"href":"https:\/\/www.claret.org\/fr\/wp-json\/wp\/v2\/tags?post=101247"}],"curies":[{"name":"wp","href":"https:\/\/api.w.org\/{rel}","templated":true}]}}