{"id":101527,"date":"2021-06-30T11:29:14","date_gmt":"2021-06-30T09:29:14","guid":{"rendered":"https:\/\/www.claret.org\/nouveau-pretre-pour-la-province-de-sanctus-paulus\/"},"modified":"2021-06-30T11:29:14","modified_gmt":"2021-06-30T09:29:14","slug":"nouveau-pretre-pour-la-province-de-sanctus-paulus","status":"publish","type":"post","link":"https:\/\/www.claret.org\/fr\/nouveau-pretre-pour-la-province-de-sanctus-paulus\/","title":{"rendered":"Nouveau pr\u00eatre pour la province de Sanctus Paulus"},"content":{"rendered":"<p><strong>Barcelone, Espagne<\/strong>. \u00ab\u00a0Je r\u00e9affirme mon ob\u00e9issance et ma disposition fid\u00e8le \u00e0 la mission de l&rsquo;\u00c9glise\u00a0\u00bb. Avec cet engagement, le Missionnaire Clar\u00e9tain Ignasius Canri Situmorang a \u00e9t\u00e9 ordonn\u00e9 pr\u00eatre le samedi 26 juin \u00e0 Barcelone. Il l&rsquo;a fait accompagn\u00e9 par des fr\u00e8res de la Congr\u00e9gation, des amis, des parents et des paroissiens, et par ceux qui ont suivi la c\u00e9l\u00e9bration sur Internet depuis l&rsquo;Indon\u00e9sie et d&rsquo;autres parties du monde.<\/p>\n<blockquote>\n<p>\u00ab\u00a0Tout cela est tr\u00e8s grand, comme l&rsquo;amour gratuit de Dieu\u00a0\u00bb, a d\u00e9clar\u00e9 Situmorang, visiblement \u00e9mu par le don de la foi et l&rsquo;engagement qu&rsquo;il venait de prendre. Il a notamment remerci\u00e9 Dieu de l&rsquo;avoir aid\u00e9 \u00e0 \u00ab\u00a0dire oui\u00a0\u00bb au-del\u00e0 de ses \u00ab\u00a0m\u00e9fiances et faiblesses\u00a0\u00bb.<\/p>\n<\/blockquote>\n<p>L&rsquo;\u00e9v\u00eaque auxiliaire de Barcelone, Monseigneur Javier Vilanova, a pr\u00e9sid\u00e9 l&rsquo;ordination sacerdotale dans le Sanctuaire du C\u0153ur Immacul\u00e9 de Marie \u00e0 Barcelone. Avec lui, Canri Situmorang, CMF une fois ordonn\u00e9 presbytre, a conc\u00e9l\u00e9br\u00e9 pour la premi\u00e8re fois, avec le provincial de Sanctus Paulus, le p\u00e8re Ricard Costa-Juss\u00e0, CMF, et le d\u00e9l\u00e9gu\u00e9 de la province en Catalogne, le p\u00e8re M\u00e1ximo Mu\u00f1oz, CMF; deux clar\u00e9tains significatifs dans le processus de formation de Situmorang depuis sa nomination \u00e0 la province de Sanctus Paulus en 2015. Ils \u00e9taient \u00e9galement accompagn\u00e9s des autres membres du gouvernement provincial &#8211; Ray Adormeo, CMF, Josep Codina, CMF, Rafael G\u00f3mez, CMF et Renato Caprioli, CMF-, du cur\u00e9 du sanctuaire, Shinto Thomas, CMF, de repr\u00e9sentants des communaut\u00e9s clar\u00e9taines de Catalogne, ainsi que de plusieurs personnes li\u00e9es \u00e0 la famille clar\u00e9taine et \u00e0 la communaut\u00e9 paroissiale.<\/p>\n<p><strong> <\/strong><strong> <\/strong><strong>\u00ab\u00a0Le fruit qui vous est demand\u00e9 est que vous aimiez\u00a0\u00bb<\/strong><\/p>\n<p>Dans son hom\u00e9lie, Mgr Vilanova a fait r\u00e9f\u00e9rence \u00e0 la mission que Dieu confie au nouveau presbytre: \u00ab\u00a0Le fruit qui t&rsquo;est demand\u00e9 est que tu aimes\u00a0\u00bb. Il a exhort\u00e9 le clar\u00e9tain \u00e0 travailler pour la communion de l&rsquo;\u00c9glise \u00ab\u00a0de l&rsquo;Est \u00e0 l&rsquo;Ouest\u00a0\u00bb, \u00e0 \u00eatre \u00ab\u00a0un instrument humble et fid\u00e8le de Dieu\u00a0\u00bb et \u00e0 \u00eatre un bon berger, comme l&rsquo;a \u00e9t\u00e9 J\u00e9sus ou saint Antoine-Marie Claret lui-m\u00eame. Du Fondateur des Missionnaires Clar\u00e9tains, il a lu la pri\u00e8re dans laquelle il demande \u00e0 Dieu \u00ab\u00a0d&rsquo;essayer par tous les moyens d&rsquo;inspirer \u00e0 tous ton amour\u00a0\u00bb. Canri Situmorang, CMF a \u00e9t\u00e9 investi par ses fr\u00e8res clar\u00e9tains de l&rsquo;\u00e9tole et de la chasuble, propres au minist\u00e8re qu&rsquo;il exercera.<\/p>\n<p><strong> <\/strong><strong>\u00ab\u00a0Je dois ma seconde naissance \u00e0 la Congr\u00e9gation\u00a0\u00bb<\/strong><\/p>\n<p>Canri Situmorang, CMF s&rsquo;est \u00e9galement adress\u00e9 \u00e0 ses confr\u00e8res \u00e0 la fin de la c\u00e9l\u00e9bration :<\/p>\n<blockquote>\n<p>\u00a0\u00bb C&rsquo;est \u00e0 la Congr\u00e9gation Clar\u00e9taine que je dois ma seconde naissance. Je suis reconnaissant pour la formation re\u00e7ue, tant en Indon\u00e9sie qu&rsquo;en Catalogne, o\u00f9 j&rsquo;ai accueilli la spiritualit\u00e9 clar\u00e9taine et son sens apostolique et missionnaire\u00a0\u00bb.<\/p>\n<\/blockquote>\n<p>Il a \u00e9galement salu\u00e9 avec une affection particuli\u00e8re ses parents, ses fr\u00e8res et s\u0153urs et les missionnaires clar\u00e9tains de la d\u00e9l\u00e9gation d&rsquo;Indon\u00e9sie-Timor Leste, qui ont \u00e9galement suivi la c\u00e9l\u00e9bration via Internet.<\/p>\n<p>[envira-gallery id=\u00a0\u00bb101339&Prime;]<\/p>\n","protected":false},"excerpt":{"rendered":"<p>Barcelone, Espagne. \u00ab\u00a0Je r\u00e9affirme mon ob\u00e9issance et ma disposition fid\u00e8le \u00e0 la mission de l&rsquo;\u00c9glise\u00a0\u00bb. Avec cet engagement, le Missionnaire Clar\u00e9tain Ignasius Canri Situmorang a \u00e9t\u00e9 ordonn\u00e9 pr\u00eatre le samedi 26 juin \u00e0 Barcelone. Il l&rsquo;a fait accompagn\u00e9 par des fr\u00e8res de la Congr\u00e9gation, des amis, des parents et des paroissiens, et par ceux qui [&hellip;]<\/p>\n","protected":false},"author":1,"featured_media":101335,"comment_status":"closed","ping_status":"closed","sticky":false,"template":"","format":"standard","meta":{"_et_pb_use_builder":"","_et_pb_old_content":"","_et_gb_content_width":"","footnotes":""},"categories":[204,575,285,603],"tags":[],"class_list":["post-101527","post","type-post","status-publish","format-standard","has-post-thumbnail","hentry","category-ave-maria-fr","category-ordinations-fr","category-sanctus-paulus-fr","category-table-daffichage"],"jetpack_featured_media_url":"https:\/\/i0.wp.com\/www.claret.org\/wp-content\/uploads\/2021\/06\/Sanctus-Paulos-Ordenacion-Ignasisus-Canri-Situmorang-30062021.png?fit=700%2C400&ssl=1","jetpack_sharing_enabled":true,"jetpack_shortlink":"https:\/\/wp.me\/pdaBmi-qpx","jetpack_likes_enabled":true,"_links":{"self":[{"href":"https:\/\/www.claret.org\/fr\/wp-json\/wp\/v2\/posts\/101527","targetHints":{"allow":["GET"]}}],"collection":[{"href":"https:\/\/www.claret.org\/fr\/wp-json\/wp\/v2\/posts"}],"about":[{"href":"https:\/\/www.claret.org\/fr\/wp-json\/wp\/v2\/types\/post"}],"author":[{"embeddable":true,"href":"https:\/\/www.claret.org\/fr\/wp-json\/wp\/v2\/users\/1"}],"replies":[{"embeddable":true,"href":"https:\/\/www.claret.org\/fr\/wp-json\/wp\/v2\/comments?post=101527"}],"version-history":[{"count":0,"href":"https:\/\/www.claret.org\/fr\/wp-json\/wp\/v2\/posts\/101527\/revisions"}],"wp:featuredmedia":[{"embeddable":true,"href":"https:\/\/www.claret.org\/fr\/wp-json\/wp\/v2\/media\/101335"}],"wp:attachment":[{"href":"https:\/\/www.claret.org\/fr\/wp-json\/wp\/v2\/media?parent=101527"}],"wp:term":[{"taxonomy":"category","embeddable":true,"href":"https:\/\/www.claret.org\/fr\/wp-json\/wp\/v2\/categories?post=101527"},{"taxonomy":"post_tag","embeddable":true,"href":"https:\/\/www.claret.org\/fr\/wp-json\/wp\/v2\/tags?post=101527"}],"curies":[{"name":"wp","href":"https:\/\/api.w.org\/{rel}","templated":true}]}}