{"id":104639,"date":"2021-09-05T08:35:13","date_gmt":"2021-09-05T06:35:13","guid":{"rendered":"https:\/\/www.claret.org\/xxvi-cg-nous-revons-en-concevant-et-nous-concevons-en-revant-4-septembre-2021\/"},"modified":"2021-09-05T08:35:13","modified_gmt":"2021-09-05T06:35:13","slug":"xxvi-cg-nous-revons-en-concevant-et-nous-concevons-en-revant-4-septembre-2021","status":"publish","type":"post","link":"https:\/\/www.claret.org\/fr\/xxvi-cg-nous-revons-en-concevant-et-nous-concevons-en-revant-4-septembre-2021\/","title":{"rendered":"XXVI CG. Nous r\u00eavons en concevant et nous concevons en r\u00eavant (4 septembre 2021)"},"content":{"rendered":"<p><strong>Nemi, Italie. 4 septembre 2021<\/strong>. Aujourd&rsquo;hui, premier samedi du mois de septembre, nos confr\u00e8res de la province de Colombie Est -\u00c9quateur ont pr\u00e9sid\u00e9 la c\u00e9l\u00e9bration eucharistique, confiant \u00e0 Marie, notre m\u00e8re et formatrice, le travail de l&rsquo;\u00e9tape de conception dans laquelle nous sommes embarqu\u00e9s depuis hier. En plus des motifs quotidiens d&rsquo;action de gr\u00e2ce, aujourd&rsquo;hui nous avons \u00e9t\u00e9 heureux de voir le retour \u00e0 l&rsquo;assembl\u00e9e capitulaire des fr\u00e8res qui jusqu&rsquo;\u00e0 aujourd&rsquo;hui \u00e9taient en convalescence en quarantaine : Juan Mart\u00edn Askaiturrieta et Valens Agino. Nous sommes \u00e9galement reconnaissants aujourd&rsquo;hui de l&rsquo;arriv\u00e9e \u00e0 Nemi de Jean Baptiste Makilandi, sup\u00e9rieur de la d\u00e9l\u00e9gation du Congo.<\/p>\n<p>Au d\u00e9but des travaux dans la salle capitulaire, le mod\u00e9rateur du jour, Rosendo Urrabazo, nous a invit\u00e9s \u00e0 \u00e9couter attentivement le texte de l&rsquo;\u00c9vangile de Luc 6, 46-49, o\u00f9 J\u00e9sus propose une sagesse alternative, qui \u00e9branle l&rsquo;ordre social et consid\u00e8re de mani\u00e8re critique l&rsquo;ensemble des conventions qui le soutiennent. J\u00e9sus n&rsquo;encourage pas \u00e0 pr\u00e9server le statu quo, mais \u00e0 vivre ici-bas comme si le Royaume de Dieu avait d\u00e9j\u00e0 commenc\u00e9. Ces paroles du Ma\u00eetre r\u00e9sonnent dans la salle capitulaire comme un appel au r\u00eave, c&rsquo;est-\u00e0-dire \u00e0 la conception d&rsquo;un projet congr\u00e9gationnel audacieux, qui ne se conforme pas \u00e0 ce qui a d\u00e9j\u00e0 \u00e9t\u00e9 r\u00e9alis\u00e9 ou \u00ab\u00a0\u00e9tabli\u00a0\u00bb dans notre petit monde. Dans ce but, il vaut la peine de faire l&rsquo;effort d&rsquo;impliquer chaque clar\u00e9tain dans le projet passionnant que le Chapitre s&rsquo;efforce d&rsquo;\u00e9laborer.<\/p>\n<p>Ceci \u00e9tant dit, et apr\u00e8s avoir clarifi\u00e9 la m\u00e9thodologie de travail, nous avons suivi pendant le reste de la journ\u00e9e une dynamique tr\u00e8s similaire \u00e0 celle d&rsquo;hier : travail personnel, partage en groupes, r\u00e9daction concert\u00e9e du dessin qui interpr\u00e8te le r\u00eave et exposition de ce qui a \u00e9t\u00e9 discern\u00e9 dans la salle capitulaire. Le temps a \u00e9t\u00e9 si bien utilis\u00e9 que nous avons r\u00e9ussi \u00e0 nous concentrer sur quatre des sept \u00e9l\u00e9ments qui constituent le r\u00eave du chapitre. Il ne reste plus qu&rsquo;\u00e0 traduire les diff\u00e9rentes propositions en engagements, mais avant cela, la Commission de synth\u00e8se a du pain sur la planche.<\/p>\n<p>Tout cet effort va de pair avec la discussion des propositions \u00e9labor\u00e9es par les commissions pr\u00e9capitulaires, qui ont \u00e9tudi\u00e9 les questions controvers\u00e9es. Nous traitons aujourd&rsquo;hui d&rsquo;une question apparemment organisationnelle &#8211; celle de la territorialit\u00e9 &#8211; qui affecte en fait, entre autres, l&rsquo;identit\u00e9 missionnaire, la mani\u00e8re dont la mission est men\u00e9e et l&rsquo;\u00e9conomie. Apr\u00e8s le d\u00eener, certains capitulaires ont particip\u00e9 aux \u00ab\u00a0Conversations autour d&rsquo;un caf\u00e9\u00a0\u00bb, o\u00f9 ils ont parl\u00e9 de la pastorale des jeunes, du projet \u00ab\u00a0Claret Way\u00a0\u00bb et des Instituts de vie consacr\u00e9e.<\/p>\n<p>La semaine se termine avec la satisfaction d&rsquo;avoir fait bon usage du temps et d&rsquo;avoir progress\u00e9 dans le discernement. Demain, nous interrompons notre travail habituel pour c\u00e9l\u00e9brer le Jour du Seigneur et profiter d&rsquo;un repos n\u00e9cessaire et bien m\u00e9rit\u00e9. Nous nous retrouverons lundi prochain !<\/p>\n<p>&nbsp;<\/p>\n<p>[envira-gallery id=\u00a0\u00bb104574&Prime;]<\/p>\n","protected":false},"excerpt":{"rendered":"<p>Nemi, Italie. 4 septembre 2021. Aujourd&rsquo;hui, premier samedi du mois de septembre, nos confr\u00e8res de la province de Colombie Est -\u00c9quateur ont pr\u00e9sid\u00e9 la c\u00e9l\u00e9bration eucharistique, confiant \u00e0 Marie, notre m\u00e8re et formatrice, le travail de l&rsquo;\u00e9tape de conception dans laquelle nous sommes embarqu\u00e9s depuis hier. En plus des motifs quotidiens d&rsquo;action de gr\u00e2ce, aujourd&rsquo;hui [&hellip;]<\/p>\n","protected":false},"author":1,"featured_media":104624,"comment_status":"closed","ping_status":"closed","sticky":false,"template":"","format":"standard","meta":{"_et_pb_use_builder":"","_et_pb_old_content":"","_et_gb_content_width":"","footnotes":""},"categories":[512,537,603,2523],"tags":[],"class_list":["post-104639","post","type-post","status-publish","format-standard","has-post-thumbnail","hentry","category-chapitres-generaux","category-la-congregation","category-table-daffichage","category-xxvi-chapitre-general"],"jetpack_featured_media_url":"https:\/\/i0.wp.com\/www.claret.org\/wp-content\/uploads\/2021\/09\/Cover-4.png?fit=700%2C400&ssl=1","jetpack_sharing_enabled":true,"jetpack_shortlink":"https:\/\/wp.me\/pdaBmi-rdJ","jetpack_likes_enabled":true,"_links":{"self":[{"href":"https:\/\/www.claret.org\/fr\/wp-json\/wp\/v2\/posts\/104639","targetHints":{"allow":["GET"]}}],"collection":[{"href":"https:\/\/www.claret.org\/fr\/wp-json\/wp\/v2\/posts"}],"about":[{"href":"https:\/\/www.claret.org\/fr\/wp-json\/wp\/v2\/types\/post"}],"author":[{"embeddable":true,"href":"https:\/\/www.claret.org\/fr\/wp-json\/wp\/v2\/users\/1"}],"replies":[{"embeddable":true,"href":"https:\/\/www.claret.org\/fr\/wp-json\/wp\/v2\/comments?post=104639"}],"version-history":[{"count":0,"href":"https:\/\/www.claret.org\/fr\/wp-json\/wp\/v2\/posts\/104639\/revisions"}],"wp:featuredmedia":[{"embeddable":true,"href":"https:\/\/www.claret.org\/fr\/wp-json\/wp\/v2\/media\/104624"}],"wp:attachment":[{"href":"https:\/\/www.claret.org\/fr\/wp-json\/wp\/v2\/media?parent=104639"}],"wp:term":[{"taxonomy":"category","embeddable":true,"href":"https:\/\/www.claret.org\/fr\/wp-json\/wp\/v2\/categories?post=104639"},{"taxonomy":"post_tag","embeddable":true,"href":"https:\/\/www.claret.org\/fr\/wp-json\/wp\/v2\/tags?post=104639"}],"curies":[{"name":"wp","href":"https:\/\/api.w.org\/{rel}","templated":true}]}}