{"id":106097,"date":"2021-09-27T12:23:39","date_gmt":"2021-09-27T10:23:39","guid":{"rendered":"https:\/\/www.claret.org\/p-juan-carlos-martos-paredes-cmf-nouveau-directeur-du-centre-de-spiritualite-claretaine-cesc\/"},"modified":"2021-09-27T12:23:39","modified_gmt":"2021-09-27T10:23:39","slug":"p-juan-carlos-martos-paredes-cmf-nouveau-directeur-du-centre-de-spiritualite-claretaine-cesc","status":"publish","type":"post","link":"https:\/\/www.claret.org\/fr\/p-juan-carlos-martos-paredes-cmf-nouveau-directeur-du-centre-de-spiritualite-claretaine-cesc\/","title":{"rendered":"P. Juan Carlos Martos Paredes CMF, nouveau directeur du Centre de Spiritualit\u00e9 Clar\u00e9taine (CESC)"},"content":{"rendered":"<p><strong>Rome, Italie<\/strong>. Le P. Mathew Vattamattam, Sup\u00e9rieur G\u00e9n\u00e9ral de la Congr\u00e9gation, a nomm\u00e9 le P. Juan Carlos Martos Paredes, CMF comme nouveau directeur du Centre de Spiritualit\u00e9 Clar\u00e9taine (CESC), rempla\u00e7ant dans ce service \u00e0 la Congr\u00e9gation le P. Carlos Enrique S\u00e1nchez Miranda, CMF, nouveau consulteur g\u00e9n\u00e9ral et pr\u00e9fet g\u00e9n\u00e9ral de la spiritualit\u00e9.<\/p>\n<p>Le p\u00e8re Juan Carlos Martos, membre de la province de Fatima, est depuis 2016 membre de l&rsquo;\u00e9quipe du centre Forge et directeur de son \u00e9quipe. D&rsquo;ici, et en plus de le remercier pour son d\u00e9vouement pendant ces ann\u00e9es au Centre Forge, nous lui souhaitons le meilleur dans ce nouveau service congr\u00e9ganiste, afin que le Centre de Spiritualit\u00e9 Clar\u00e9taine (CESC) continue \u00e0 aider \u00e0 approfondir et \u00e0 faire conna\u00eetre dans notre Congr\u00e9gation, dans l&rsquo;\u00c9glise et dans le monde la richesse et la valeur de l&rsquo;h\u00e9ritage spirituel et missionnaire de notre P\u00e8re Fondateur.<\/p>\n","protected":false},"excerpt":{"rendered":"<p>Rome, Italie. Le P. Mathew Vattamattam, Sup\u00e9rieur G\u00e9n\u00e9ral de la Congr\u00e9gation, a nomm\u00e9 le P. Juan Carlos Martos Paredes, CMF comme nouveau directeur du Centre de Spiritualit\u00e9 Clar\u00e9taine (CESC), rempla\u00e7ant dans ce service \u00e0 la Congr\u00e9gation le P. Carlos Enrique S\u00e1nchez Miranda, CMF, nouveau consulteur g\u00e9n\u00e9ral et pr\u00e9fet g\u00e9n\u00e9ral de la spiritualit\u00e9. Le p\u00e8re Juan [&hellip;]<\/p>\n","protected":false},"author":1,"featured_media":106077,"comment_status":"closed","ping_status":"closed","sticky":false,"template":"","format":"standard","meta":{"_et_pb_use_builder":"","_et_pb_old_content":"","_et_gb_content_width":"","footnotes":""},"categories":[398,537,615],"tags":[],"class_list":["post-106097","post","type-post","status-publish","format-standard","has-post-thumbnail","hentry","category-cesc-fr","category-la-congregation","category-spiritualite"],"jetpack_featured_media_url":"https:\/\/i0.wp.com\/www.claret.org\/wp-content\/uploads\/2021\/09\/Portada-web-P.-Juan-Carlos-Martos-Paredes-CMF-nuevo-director-CESC-1.png?fit=700%2C400&ssl=1","jetpack_sharing_enabled":true,"jetpack_shortlink":"https:\/\/wp.me\/pdaBmi-rBf","jetpack_likes_enabled":true,"_links":{"self":[{"href":"https:\/\/www.claret.org\/fr\/wp-json\/wp\/v2\/posts\/106097","targetHints":{"allow":["GET"]}}],"collection":[{"href":"https:\/\/www.claret.org\/fr\/wp-json\/wp\/v2\/posts"}],"about":[{"href":"https:\/\/www.claret.org\/fr\/wp-json\/wp\/v2\/types\/post"}],"author":[{"embeddable":true,"href":"https:\/\/www.claret.org\/fr\/wp-json\/wp\/v2\/users\/1"}],"replies":[{"embeddable":true,"href":"https:\/\/www.claret.org\/fr\/wp-json\/wp\/v2\/comments?post=106097"}],"version-history":[{"count":0,"href":"https:\/\/www.claret.org\/fr\/wp-json\/wp\/v2\/posts\/106097\/revisions"}],"wp:featuredmedia":[{"embeddable":true,"href":"https:\/\/www.claret.org\/fr\/wp-json\/wp\/v2\/media\/106077"}],"wp:attachment":[{"href":"https:\/\/www.claret.org\/fr\/wp-json\/wp\/v2\/media?parent=106097"}],"wp:term":[{"taxonomy":"category","embeddable":true,"href":"https:\/\/www.claret.org\/fr\/wp-json\/wp\/v2\/categories?post=106097"},{"taxonomy":"post_tag","embeddable":true,"href":"https:\/\/www.claret.org\/fr\/wp-json\/wp\/v2\/tags?post=106097"}],"curies":[{"name":"wp","href":"https:\/\/api.w.org\/{rel}","templated":true}]}}