{"id":106310,"date":"2021-10-05T16:45:18","date_gmt":"2021-10-05T14:45:18","guid":{"rendered":"https:\/\/www.claret.org\/inauguration-de-linstitut-africain-de-la-vie-consacree-abuja-aicla\/"},"modified":"2021-10-05T16:45:18","modified_gmt":"2021-10-05T14:45:18","slug":"inauguration-de-linstitut-africain-de-la-vie-consacree-abuja-aicla","status":"publish","type":"post","link":"https:\/\/www.claret.org\/fr\/inauguration-de-linstitut-africain-de-la-vie-consacree-abuja-aicla\/","title":{"rendered":"INAUGURATION DE L&rsquo;INSTITUT AFRICAIN DE LA VIE CONSACR\u00c9E, ABUJA (AICLA)"},"content":{"rendered":"<p><strong>Abuja, Nigeria<\/strong>. Le r\u00eave tant attendu des Missionnaires Clar\u00e9tains en Afrique d&rsquo;avoir un Institut de Vie Consacr\u00e9e a finalement \u00e9t\u00e9 r\u00e9alis\u00e9 aujourd&rsquo;hui, 5 octobre 2021. En effet, une grande \u0153uvre a commenc\u00e9 dans l&rsquo;\u00c9glise pour les personnes consacr\u00e9es, les fid\u00e8les la\u00efcs et les Missionnaires Clar\u00e9tains, surtout en Afrique.<\/p>\n<p>L&rsquo;\u00e9v\u00e9nement a commenc\u00e9 par la c\u00e9l\u00e9bration de la Sainte Messe pr\u00e9sid\u00e9e par le Nonce, Son Excellence l&rsquo;Archev\u00eaque Antonio Guido Filipazzi. Augustine O Akubueze, pr\u00e9sident de la Conf\u00e9rence des \u00e9v\u00eaques catholiques du Nigeria (CBCN), a \u00e9galement honor\u00e9 l&rsquo;\u00e9v\u00e9nement de sa pr\u00e9sence, ainsi que les \u00e9v\u00eaques Wilfred Anagbe, CMF du dioc\u00e8se de Makurdi et Hilary Dachelem, CMF du dioc\u00e8se de Bauchi, et d&rsquo;autres fr\u00e8res clar\u00e9tains et personnes consacr\u00e9es. \u00c9taient \u00e9galement pr\u00e9sents les chefs traditionnels et les chefs locaux o\u00f9 se trouve l&rsquo;institut.<\/p>\n<p>Apr\u00e8s la c\u00e9l\u00e9bration eucharistique, Mgr Augustine O Akubueze, archev\u00eaque du B\u00e9nin, a b\u00e9ni et inaugur\u00e9 le nouveau bloc administratif, tandis que le nonce, Mgr Antonio Guido Filipazzi, a b\u00e9ni et inaugur\u00e9 l&rsquo;auberge. Mgr Anagbe Wilfred, CMF, a b\u00e9ni et d\u00e9voil\u00e9 la statue de notre p\u00e8re fondateur, Saint Antoine Marie Claret, magnifiquement plac\u00e9e au centre de l&rsquo;Institut.<\/p>\n<p>Nous prions pour que cette grande \u0153uvre que le Seigneur a initi\u00e9e dans la vie des Missionnaires Clar\u00e9tains en Afrique, et dans l&rsquo;\u00c9glise d&rsquo;aujourd&rsquo;hui, puisse continuer \u00e0 habiliter et accompagner les personnes consacr\u00e9es dans l&rsquo;\u00c9glise pour une plus grande compr\u00e9hension du message de l&rsquo;\u00c9vangile. Amen!<\/p>\n<p>&nbsp;<\/p>\n<p>[envira-gallery id=\u00a0\u00bb106282&Prime;]<\/p>\n","protected":false},"excerpt":{"rendered":"<p>Abuja, Nigeria. Le r\u00eave tant attendu des Missionnaires Clar\u00e9tains en Afrique d&rsquo;avoir un Institut de Vie Consacr\u00e9e a finalement \u00e9t\u00e9 r\u00e9alis\u00e9 aujourd&rsquo;hui, 5 octobre 2021. En effet, une grande \u0153uvre a commenc\u00e9 dans l&rsquo;\u00c9glise pour les personnes consacr\u00e9es, les fid\u00e8les la\u00efcs et les Missionnaires Clar\u00e9tains, surtout en Afrique. L&rsquo;\u00e9v\u00e9nement a commenc\u00e9 par la c\u00e9l\u00e9bration de [&hellip;]<\/p>\n","protected":false},"author":1,"featured_media":106296,"comment_status":"closed","ping_status":"closed","sticky":false,"template":"","format":"standard","meta":{"_et_pb_use_builder":"","_et_pb_old_content":"","_et_gb_content_width":"","footnotes":""},"categories":[981,407,537,187,426,603],"tags":[],"class_list":["post-106310","post","type-post","status-publish","format-standard","has-post-thumbnail","hentry","category-acla-fr","category-apostolat","category-la-congregation","category-west-nigeria-fr","category-pastorale-educative","category-table-daffichage"],"jetpack_featured_media_url":"https:\/\/i0.wp.com\/www.claret.org\/wp-content\/uploads\/2021\/10\/Portada-web-INAUGURATION-OF-AFRICAN-INSTITUTE-OF-CONSECRATED-LIFE-ABUJA-AICLA-05102021.png?fit=700%2C400&ssl=1","jetpack_sharing_enabled":true,"jetpack_shortlink":"https:\/\/wp.me\/pdaBmi-rEG","jetpack_likes_enabled":true,"_links":{"self":[{"href":"https:\/\/www.claret.org\/fr\/wp-json\/wp\/v2\/posts\/106310","targetHints":{"allow":["GET"]}}],"collection":[{"href":"https:\/\/www.claret.org\/fr\/wp-json\/wp\/v2\/posts"}],"about":[{"href":"https:\/\/www.claret.org\/fr\/wp-json\/wp\/v2\/types\/post"}],"author":[{"embeddable":true,"href":"https:\/\/www.claret.org\/fr\/wp-json\/wp\/v2\/users\/1"}],"replies":[{"embeddable":true,"href":"https:\/\/www.claret.org\/fr\/wp-json\/wp\/v2\/comments?post=106310"}],"version-history":[{"count":0,"href":"https:\/\/www.claret.org\/fr\/wp-json\/wp\/v2\/posts\/106310\/revisions"}],"wp:featuredmedia":[{"embeddable":true,"href":"https:\/\/www.claret.org\/fr\/wp-json\/wp\/v2\/media\/106296"}],"wp:attachment":[{"href":"https:\/\/www.claret.org\/fr\/wp-json\/wp\/v2\/media?parent=106310"}],"wp:term":[{"taxonomy":"category","embeddable":true,"href":"https:\/\/www.claret.org\/fr\/wp-json\/wp\/v2\/categories?post=106310"},{"taxonomy":"post_tag","embeddable":true,"href":"https:\/\/www.claret.org\/fr\/wp-json\/wp\/v2\/tags?post=106310"}],"curies":[{"name":"wp","href":"https:\/\/api.w.org\/{rel}","templated":true}]}}