{"id":106945,"date":"2021-10-21T16:23:46","date_gmt":"2021-10-21T14:23:46","guid":{"rendered":"https:\/\/www.claret.org\/?p=106945"},"modified":"2021-10-21T17:36:56","modified_gmt":"2021-10-21T15:36:56","slug":"le-claret-way-commence","status":"publish","type":"post","link":"https:\/\/www.claret.org\/fr\/le-claret-way-commence\/","title":{"rendered":"LE CLARET WAY COMMENCE!"},"content":{"rendered":"<p>Peux-tu imaginer pouvoir <strong>partager des exp\u00e9riences<\/strong> avec des jeunes du monde entier qui vivent aussi leur foi dans la Famille Clar\u00e9taine ? Peux-tu imaginer avoir acc\u00e8s \u00e0 une<strong> formation missionnaire<\/strong> au-del\u00e0 de ton lieu d&rsquo;origine ? Et faire du <strong>volontariat international<\/strong> dans tout endroit o\u00f9 il y a une branche de la Famille Clar\u00e9taine ? Arr\u00eate de r\u00eaver, <strong>Claret Way<\/strong> est l\u00e0.<\/p>\n<p><span style=\"font-size: 18pt;\"><strong>QU&rsquo;EST-CE QUE C&rsquo;EST ?<\/strong><\/span><\/p>\n<p><strong>Claret Way<\/strong> est le r\u00e9seau mondial des <strong>jeunes clar\u00e9tains<\/strong> de 18 ans et plus qui partagent le <strong>charisme clar\u00e9tain<\/strong>, dans n&rsquo;importe quelle branche de la Famille clar\u00e9taine. Un r\u00e9seau qui te relie \u00e0 des exp\u00e9riences partout dans le monde. Un r\u00e9seau qui <strong>relie, communique<\/strong> et <strong>renforce<\/strong> la communion dans une exp\u00e9rience partag\u00e9e.<\/p>\n<div class=\"epyt-video-wrapper\"><div  data-ep-a=\"fadeIn\"  id=\"_ytid_52161\"  width=\"1080\" height=\"608\"  data-origwidth=\"1080\" data-origheight=\"608\"  data-relstop=\"1\" data-facadesrc=\"https:\/\/www.youtube.com\/embed\/wmmClPhp0nw?enablejsapi=1&autoplay=0&cc_load_policy=1&cc_lang_pref=&iv_load_policy=3&loop=0&rel=0&fs=1&playsinline=1&autohide=2&hl=fr_FR&theme=dark&color=red&controls=1&disablekb=0&\" class=\"__youtube_prefs__ epyt-facade  no-lazyload\" data-epautoplay=\"1\" ><img data-recalc-dims=\"1\" decoding=\"async\" data-spai-excluded=\"true\" class=\"epyt-facade-poster skip-lazy\" loading=\"lazy\" alt=\"YouTube player\" src=\"https:\/\/i0.wp.com\/i.ytimg.com\/vi\/wmmClPhp0nw\/maxresdefault.jpg?w=1080&#038;ssl=1\" title=\"\"><button class=\"epyt-facade-play\" aria-label=\"Play\"><svg data-no-lazy=\"1\" height=\"100%\" version=\"1.1\" viewBox=\"0 0 68 48\" width=\"100%\"><path class=\"ytp-large-play-button-bg\" d=\"M66.52,7.74c-0.78-2.93-2.49-5.41-5.42-6.19C55.79,.13,34,0,34,0S12.21,.13,6.9,1.55 C3.97,2.33,2.27,4.81,1.48,7.74C0.06,13.05,0,24,0,24s0.06,10.95,1.48,16.26c0.78,2.93,2.49,5.41,5.42,6.19 C12.21,47.87,34,48,34,48s21.79-0.13,27.1-1.55c2.93-0.78,4.64-3.26,5.42-6.19C67.94,34.95,68,24,68,24S67.94,13.05,66.52,7.74z\" fill=\"#f00\"><\/path><path d=\"M 45,24 27,14 27,34\" fill=\"#fff\"><\/path><\/svg><\/button><\/div><\/div><span itemprop=\"video\" itemscope itemtype=\"http:\/\/schema.org\/VideoObject\"><meta itemprop=\"embedUrl\" content=\"https:\/\/www.youtube.com\/embed\/wmmClPhp0nw\"><meta itemprop=\"name\" content=\"Qu&#039;est-ce Claret Way? #ClaretWayGlobal\"><meta itemprop=\"description\" content=\"TWITTER: https:\/\/twitter.com\/claretwayglobal FACEBOOK: https:\/\/www.facebook.com\/profile.php?id=100065424604337 INSTAGRAM: https:\/\/www.instagram.com\/claretwayglobal\"><meta itemprop=\"thumbnailUrl\" content=\"https:\/\/i.ytimg.com\/vi\/wmmClPhp0nw\/0.jpg\"><meta itemprop=\"duration\" content=\"PT59S\"><meta itemprop=\"uploadDate\" content=\"2021-10-08T15:46:46Z\"><\/span>\n<p>&nbsp;<\/p>\n<p><strong><span style=\"font-size: 18pt;\">POURQUOI ?<\/span><\/strong><br \/>\nIl surgit pour <strong>partager le feu de la charit\u00e9<\/strong> qui existe parmi les jeunes clar\u00e9tains dans toutes les parties du monde. Un r\u00e9seau qui permettra la<strong> rencontre<\/strong> et la <strong>coop\u00e9ration<\/strong> de la Famille Clar\u00e9taine ind\u00e9pendamment de la branche ou du lieu.<\/p>\n<div class=\"epyt-video-wrapper\"><div  data-ep-a=\"fadeIn\"  id=\"_ytid_17856\"  width=\"1080\" height=\"608\"  data-origwidth=\"1080\" data-origheight=\"608\"  data-relstop=\"1\" data-facadesrc=\"https:\/\/www.youtube.com\/embed\/K7nED4djJmw?enablejsapi=1&autoplay=0&cc_load_policy=1&cc_lang_pref=&iv_load_policy=3&loop=0&rel=0&fs=1&playsinline=1&autohide=2&hl=fr_FR&theme=dark&color=red&controls=1&disablekb=0&\" class=\"__youtube_prefs__ epyt-facade  no-lazyload\" data-epautoplay=\"1\" ><img data-recalc-dims=\"1\" decoding=\"async\" data-spai-excluded=\"true\" class=\"epyt-facade-poster skip-lazy\" loading=\"lazy\" alt=\"YouTube player\" src=\"https:\/\/i0.wp.com\/i.ytimg.com\/vi\/K7nED4djJmw\/maxresdefault.jpg?w=1080&#038;ssl=1\" title=\"\"><button class=\"epyt-facade-play\" aria-label=\"Play\"><svg data-no-lazy=\"1\" height=\"100%\" version=\"1.1\" viewBox=\"0 0 68 48\" width=\"100%\"><path class=\"ytp-large-play-button-bg\" d=\"M66.52,7.74c-0.78-2.93-2.49-5.41-5.42-6.19C55.79,.13,34,0,34,0S12.21,.13,6.9,1.55 C3.97,2.33,2.27,4.81,1.48,7.74C0.06,13.05,0,24,0,24s0.06,10.95,1.48,16.26c0.78,2.93,2.49,5.41,5.42,6.19 C12.21,47.87,34,48,34,48s21.79-0.13,27.1-1.55c2.93-0.78,4.64-3.26,5.42-6.19C67.94,34.95,68,24,68,24S67.94,13.05,66.52,7.74z\" fill=\"#f00\"><\/path><path d=\"M 45,24 27,14 27,34\" fill=\"#fff\"><\/path><\/svg><\/button><\/div><\/div><span itemprop=\"video\" itemscope itemtype=\"http:\/\/schema.org\/VideoObject\"><meta itemprop=\"embedUrl\" content=\"https:\/\/www.youtube.com\/embed\/K7nED4djJmw\"><meta itemprop=\"name\" content=\"pourquoi Claret Way a-t-il \u00e9t\u00e9 cre\u00e9\u00e9? #ClaretWayGlobal\"><meta itemprop=\"description\" content=\"TWITTER: https:\/\/twitter.com\/claretwayglobal FACEBOOK: https:\/\/www.facebook.com\/profile.php?id=100065424604337 INSTAGRAM: https:\/\/www.instagram.com\/claretwayglobal\"><meta itemprop=\"thumbnailUrl\" content=\"https:\/\/i.ytimg.com\/vi\/K7nED4djJmw\/0.jpg\"><meta itemprop=\"duration\" content=\"PT1M56S\"><meta itemprop=\"uploadDate\" content=\"2021-10-08T15:49:13Z\"><\/span>\n<p>&nbsp;<\/p>\n<p><span style=\"font-size: 18pt;\"><strong>QUI SONT LES MEMBRES DE CLARET WAY ?<\/strong><\/span><br \/>\nLe <strong>R\u00e9seau mondial des jeunes clar\u00e9tains<\/strong> relie tous les jeunes qui vivent leur foi dans le style de Claret, \u00e0 partir de leurs groupes, paroisses, \u00e9coles et centres de jeunesse, entre autres.<\/p>\n<div class=\"epyt-video-wrapper\"><div  data-ep-a=\"fadeIn\"  id=\"_ytid_94183\"  width=\"1080\" height=\"608\"  data-origwidth=\"1080\" data-origheight=\"608\"  data-relstop=\"1\" data-facadesrc=\"https:\/\/www.youtube.com\/embed\/53JH0I85vr4?enablejsapi=1&autoplay=0&cc_load_policy=1&cc_lang_pref=&iv_load_policy=3&loop=0&rel=0&fs=1&playsinline=1&autohide=2&hl=fr_FR&theme=dark&color=red&controls=1&disablekb=0&\" class=\"__youtube_prefs__ epyt-facade  no-lazyload\" data-epautoplay=\"1\" ><img data-recalc-dims=\"1\" decoding=\"async\" data-spai-excluded=\"true\" class=\"epyt-facade-poster skip-lazy\" loading=\"lazy\" alt=\"YouTube player\" src=\"https:\/\/i0.wp.com\/i.ytimg.com\/vi\/53JH0I85vr4\/maxresdefault.jpg?w=1080&#038;ssl=1\" title=\"\"><button class=\"epyt-facade-play\" aria-label=\"Play\"><svg data-no-lazy=\"1\" height=\"100%\" version=\"1.1\" viewBox=\"0 0 68 48\" width=\"100%\"><path class=\"ytp-large-play-button-bg\" d=\"M66.52,7.74c-0.78-2.93-2.49-5.41-5.42-6.19C55.79,.13,34,0,34,0S12.21,.13,6.9,1.55 C3.97,2.33,2.27,4.81,1.48,7.74C0.06,13.05,0,24,0,24s0.06,10.95,1.48,16.26c0.78,2.93,2.49,5.41,5.42,6.19 C12.21,47.87,34,48,34,48s21.79-0.13,27.1-1.55c2.93-0.78,4.64-3.26,5.42-6.19C67.94,34.95,68,24,68,24S67.94,13.05,66.52,7.74z\" fill=\"#f00\"><\/path><path d=\"M 45,24 27,14 27,34\" fill=\"#fff\"><\/path><\/svg><\/button><\/div><\/div><span itemprop=\"video\" itemscope itemtype=\"http:\/\/schema.org\/VideoObject\"><meta itemprop=\"embedUrl\" content=\"https:\/\/www.youtube.com\/embed\/53JH0I85vr4\"><meta itemprop=\"name\" content=\"Qui sont les membres de Claret Way? #ClaretWayGlobal\"><meta itemprop=\"description\" content=\"TWITTER: https:\/\/twitter.com\/claretwayglobal FACEBOOK: https:\/\/www.facebook.com\/profile.php?id=100065424604337 INSTAGRAM: https:\/\/www.instagram.com\/claretwayglobal\"><meta itemprop=\"thumbnailUrl\" content=\"https:\/\/i.ytimg.com\/vi\/53JH0I85vr4\/0.jpg\"><meta itemprop=\"duration\" content=\"PT1M1S\"><meta itemprop=\"uploadDate\" content=\"2021-10-08T15:50:46Z\"><\/span>\n<div title=\"Click a word to see alternative translations\"><\/div>\n<div title=\"Click a word to see alternative translations\"><\/div>\n<div title=\"Click a word to see alternative translations\"><\/div>\n<div class=\"lmt__inner_textarea_container\" title=\"Click a word to see alternative translations\"><span style=\"font-size: 18pt;\"><strong>O\u00d9 ?<\/strong><\/span><\/div>\n<div class=\"lmt__inner_textarea_container\" title=\"Click a word to see alternative translations\">Tu peux vivre cette exp\u00e9rience au niveau <strong>local, r\u00e9gional, continental<\/strong> et m\u00eame <strong>mondial<\/strong>.<\/div>\n<div title=\"Click a word to see alternative translations\"><\/div>\n<div title=\"Click a word to see alternative translations\"><div class=\"epyt-video-wrapper\"><div  data-ep-a=\"fadeIn\"  id=\"_ytid_33942\"  width=\"1080\" height=\"608\"  data-origwidth=\"1080\" data-origheight=\"608\"  data-relstop=\"1\" data-facadesrc=\"https:\/\/www.youtube.com\/embed\/eztnGKzgVyg?enablejsapi=1&autoplay=0&cc_load_policy=1&cc_lang_pref=&iv_load_policy=3&loop=0&rel=0&fs=1&playsinline=1&autohide=2&hl=fr_FR&theme=dark&color=red&controls=1&disablekb=0&\" class=\"__youtube_prefs__ epyt-facade  no-lazyload\" data-epautoplay=\"1\" ><img data-recalc-dims=\"1\" decoding=\"async\" data-spai-excluded=\"true\" class=\"epyt-facade-poster skip-lazy\" loading=\"lazy\" alt=\"YouTube player\" src=\"https:\/\/i0.wp.com\/i.ytimg.com\/vi\/eztnGKzgVyg\/maxresdefault.jpg?w=1080&#038;ssl=1\" title=\"\"><button class=\"epyt-facade-play\" aria-label=\"Play\"><svg data-no-lazy=\"1\" height=\"100%\" version=\"1.1\" viewBox=\"0 0 68 48\" width=\"100%\"><path class=\"ytp-large-play-button-bg\" d=\"M66.52,7.74c-0.78-2.93-2.49-5.41-5.42-6.19C55.79,.13,34,0,34,0S12.21,.13,6.9,1.55 C3.97,2.33,2.27,4.81,1.48,7.74C0.06,13.05,0,24,0,24s0.06,10.95,1.48,16.26c0.78,2.93,2.49,5.41,5.42,6.19 C12.21,47.87,34,48,34,48s21.79-0.13,27.1-1.55c2.93-0.78,4.64-3.26,5.42-6.19C67.94,34.95,68,24,68,24S67.94,13.05,66.52,7.74z\" fill=\"#f00\"><\/path><path d=\"M 45,24 27,14 27,34\" fill=\"#fff\"><\/path><\/svg><\/button><\/div><\/div><span itemprop=\"video\" itemscope itemtype=\"http:\/\/schema.org\/VideoObject\"><meta itemprop=\"embedUrl\" content=\"https:\/\/www.youtube.com\/embed\/eztnGKzgVyg\"><meta itemprop=\"name\" content=\"O\u00f9 vivre Claret Way? #ClaretWayGlobal\"><meta itemprop=\"description\" content=\"TWITTER: https:\/\/twitter.com\/claretwayglobal FACEBOOK: https:\/\/www.facebook.com\/profile.php?id=100065424604337 INSTAGRAM: https:\/\/www.instagram.com\/claretwayglobal\"><meta itemprop=\"thumbnailUrl\" content=\"https:\/\/i.ytimg.com\/vi\/eztnGKzgVyg\/0.jpg\"><meta itemprop=\"duration\" content=\"PT1M1S\"><meta itemprop=\"uploadDate\" content=\"2021-10-08T15:55:02Z\"><\/span><\/div>\n<div title=\"Click a word to see alternative translations\"><\/div>\n<div title=\"Click a word to see alternative translations\"><\/div>\n<div title=\"Click a word to see alternative translations\">\n<p>&nbsp;<\/p>\n<p><span style=\"font-size: 18pt;\"><strong>QUAND ?<\/strong><\/span><br \/>\n<strong><span style=\"font-size: 14pt;\">Tu veux en savoir plus ? Rejoins-nous lors de la veill\u00e9e de lancement de Claret Way !<\/span><\/strong><\/p>\n<p>Ce <strong>24 octobre \u00e0 17:00 heure de Rome (GMT +1)<\/strong>, fais attention \u00e0 nos pages <a href=\"https:\/\/www.youtube.com\/c\/ClaretWayGlobal?sub_confirmation=1\" target=\"_blank\" rel=\"noopener nofollow\">Youtube<\/a> ou <a href=\"http:\/\/bit.ly\/3Apxv3Y\" target=\"_blank\" rel=\"noopener nofollow\">Facebook<\/a>.<\/p>\n<p>Tous les r\u00e9seaux sociaux de Claret Way : <a href=\"https:\/\/linktr.ee\/ClaretWayGlobal\" rel=\"nofollow noopener\" target=\"_blank\">https:\/\/linktr.ee\/ClaretWayGlobal<\/a><\/p>\n<\/div>\n<p>&nbsp;<\/p>\n<p>[envira-gallery id=\u00a0\u00bb106899&Prime;]<\/p>\n","protected":false},"excerpt":{"rendered":"<p>Peux-tu imaginer pouvoir partager des exp\u00e9riences avec des jeunes du monde entier qui vivent aussi leur foi dans la Famille Clar\u00e9taine ? Peux-tu imaginer avoir acc\u00e8s \u00e0 une formation missionnaire au-del\u00e0 de ton lieu d&rsquo;origine ? Et faire du volontariat international dans tout endroit o\u00f9 il y a une branche de la Famille Clar\u00e9taine ? [&hellip;]<\/p>\n","protected":false},"author":1,"featured_media":106939,"comment_status":"closed","ping_status":"closed","sticky":false,"template":"","format":"standard","meta":{"_et_pb_use_builder":"","_et_pb_old_content":"","_et_gb_content_width":"","footnotes":""},"categories":[532,482],"tags":[],"class_list":["post-106945","post","type-post","status-publish","format-standard","has-post-thumbnail","hentry","category-famille-claretaine","category-pastoral-de-la-jeunesse-et-vocations"],"jetpack_featured_media_url":"https:\/\/i0.wp.com\/www.claret.org\/wp-content\/uploads\/2021\/10\/Portada-Clarete-Way.png?fit=700%2C400&ssl=1","jetpack_sharing_enabled":true,"jetpack_shortlink":"https:\/\/wp.me\/pdaBmi-rOV","jetpack_likes_enabled":true,"_links":{"self":[{"href":"https:\/\/www.claret.org\/fr\/wp-json\/wp\/v2\/posts\/106945","targetHints":{"allow":["GET"]}}],"collection":[{"href":"https:\/\/www.claret.org\/fr\/wp-json\/wp\/v2\/posts"}],"about":[{"href":"https:\/\/www.claret.org\/fr\/wp-json\/wp\/v2\/types\/post"}],"author":[{"embeddable":true,"href":"https:\/\/www.claret.org\/fr\/wp-json\/wp\/v2\/users\/1"}],"replies":[{"embeddable":true,"href":"https:\/\/www.claret.org\/fr\/wp-json\/wp\/v2\/comments?post=106945"}],"version-history":[{"count":0,"href":"https:\/\/www.claret.org\/fr\/wp-json\/wp\/v2\/posts\/106945\/revisions"}],"wp:featuredmedia":[{"embeddable":true,"href":"https:\/\/www.claret.org\/fr\/wp-json\/wp\/v2\/media\/106939"}],"wp:attachment":[{"href":"https:\/\/www.claret.org\/fr\/wp-json\/wp\/v2\/media?parent=106945"}],"wp:term":[{"taxonomy":"category","embeddable":true,"href":"https:\/\/www.claret.org\/fr\/wp-json\/wp\/v2\/categories?post=106945"},{"taxonomy":"post_tag","embeddable":true,"href":"https:\/\/www.claret.org\/fr\/wp-json\/wp\/v2\/tags?post=106945"}],"curies":[{"name":"wp","href":"https:\/\/api.w.org\/{rel}","templated":true}]}}