{"id":107011,"date":"2021-10-22T09:51:47","date_gmt":"2021-10-22T07:51:47","guid":{"rendered":"https:\/\/www.claret.org\/ordination-sacerdotale-dans-la-delegation-padre-xifre\/"},"modified":"2021-10-22T09:51:47","modified_gmt":"2021-10-22T07:51:47","slug":"ordination-sacerdotale-dans-la-delegation-padre-xifre","status":"publish","type":"post","link":"https:\/\/www.claret.org\/fr\/ordination-sacerdotale-dans-la-delegation-padre-xifre\/","title":{"rendered":"Ordination sacerdotale dans la D\u00e9l\u00e9gation PADRE XIFR\u00c9"},"content":{"rendered":"<p><strong>Nkue, Guin\u00e9e \u00e9quatoriale<\/strong>. Samedi 16 octobre 2021, le missionnaire clar\u00e9tain Jacinto-Bikoro ONDO MIFUMU a \u00e9t\u00e9 ordonn\u00e9 pr\u00eatre. La c\u00e9r\u00e9monie s&rsquo;est d\u00e9roul\u00e9e dans la paroisse St. Francis Xavier de Nkue, et a \u00e9t\u00e9 pr\u00e9sid\u00e9e par Monseigneur Miguel Angel NGUEMA BEE, \u00e9v\u00eaque du dioc\u00e8se d&rsquo;Ebibeyin.<\/p>\n<p>La Famille clar\u00e9taine \u00e9tait repr\u00e9sent\u00e9e par le Sup\u00e9rieur majeur, le P\u00e8re Jos\u00e9 Engonga MAYO, et plusieurs fr\u00e8res des communaut\u00e9s de Guin\u00e9e \u00e9quatoriale.  Jacinto-Bikoro est originaire de Nkue et c&rsquo;est dans cette communaut\u00e9 qu&rsquo;il a eu son premier contact avec la Congr\u00e9gation. En compagnie de ses parents, religieux, amis et connaissances, la c\u00e9r\u00e9monie s&rsquo;est d\u00e9roul\u00e9e dans une bonne ambiance. Que le Seigneur soit avec lui dans sa nouvelle \u00e9tape en tant que pr\u00eatre missionnaire.<\/p>\n<p>&nbsp;<\/p>\n<p>[envira-gallery id=\u00a0\u00bb106959&Prime;]<\/p>\n","protected":false},"excerpt":{"rendered":"<p>Nkue, Guin\u00e9e \u00e9quatoriale. Samedi 16 octobre 2021, le missionnaire clar\u00e9tain Jacinto-Bikoro ONDO MIFUMU a \u00e9t\u00e9 ordonn\u00e9 pr\u00eatre. La c\u00e9r\u00e9monie s&rsquo;est d\u00e9roul\u00e9e dans la paroisse St. Francis Xavier de Nkue, et a \u00e9t\u00e9 pr\u00e9sid\u00e9e par Monseigneur Miguel Angel NGUEMA BEE, \u00e9v\u00eaque du dioc\u00e8se d&rsquo;Ebibeyin. La Famille clar\u00e9taine \u00e9tait repr\u00e9sent\u00e9e par le Sup\u00e9rieur majeur, le P\u00e8re Jos\u00e9 [&hellip;]<\/p>\n","protected":false},"author":1,"featured_media":106955,"comment_status":"closed","ping_status":"closed","sticky":false,"template":"","format":"standard","meta":{"_et_pb_use_builder":"","_et_pb_old_content":"","_et_gb_content_width":"","footnotes":""},"categories":[575,168],"tags":[],"class_list":["post-107011","post","type-post","status-publish","format-standard","has-post-thumbnail","hentry","category-ordinations-fr","category-padre-xifre-fr"],"jetpack_featured_media_url":"https:\/\/i0.wp.com\/www.claret.org\/wp-content\/uploads\/2021\/10\/portada-web-Ordenacion-sacerdotal-en-la-Delegacion-PADRE-XIFRE-16102021.png?fit=700%2C400&ssl=1","jetpack_sharing_enabled":true,"jetpack_shortlink":"https:\/\/wp.me\/pdaBmi-rPZ","jetpack_likes_enabled":true,"_links":{"self":[{"href":"https:\/\/www.claret.org\/fr\/wp-json\/wp\/v2\/posts\/107011","targetHints":{"allow":["GET"]}}],"collection":[{"href":"https:\/\/www.claret.org\/fr\/wp-json\/wp\/v2\/posts"}],"about":[{"href":"https:\/\/www.claret.org\/fr\/wp-json\/wp\/v2\/types\/post"}],"author":[{"embeddable":true,"href":"https:\/\/www.claret.org\/fr\/wp-json\/wp\/v2\/users\/1"}],"replies":[{"embeddable":true,"href":"https:\/\/www.claret.org\/fr\/wp-json\/wp\/v2\/comments?post=107011"}],"version-history":[{"count":0,"href":"https:\/\/www.claret.org\/fr\/wp-json\/wp\/v2\/posts\/107011\/revisions"}],"wp:featuredmedia":[{"embeddable":true,"href":"https:\/\/www.claret.org\/fr\/wp-json\/wp\/v2\/media\/106955"}],"wp:attachment":[{"href":"https:\/\/www.claret.org\/fr\/wp-json\/wp\/v2\/media?parent=107011"}],"wp:term":[{"taxonomy":"category","embeddable":true,"href":"https:\/\/www.claret.org\/fr\/wp-json\/wp\/v2\/categories?post=107011"},{"taxonomy":"post_tag","embeddable":true,"href":"https:\/\/www.claret.org\/fr\/wp-json\/wp\/v2\/tags?post=107011"}],"curies":[{"name":"wp","href":"https:\/\/api.w.org\/{rel}","templated":true}]}}